{"id":7366,"date":"2020-04-22T19:39:20","date_gmt":"2020-04-22T22:39:20","guid":{"rendered":"http:\/\/www.toque-musicall.com\/?p=7366"},"modified":"2020-04-22T19:39:20","modified_gmt":"2020-04-22T22:39:20","slug":"conjunto-de-percussao-dora-pinto-1960","status":"publish","type":"post","link":"https:\/\/www.toque-musicall.com\/?p=7366","title":{"rendered":"Conjunto De Percuss\u00e3o Dora Pinto (1960)"},"content":{"rendered":"\n<figure class=\"wp-block-image size-large\"><img decoding=\"async\" src=\"https:\/\/1.bp.blogspot.com\/-KZbXX9M3_u8\/XqC12omLHoI\/AAAAAAAAQ6U\/C_t9BgjeF8gAy6UcdwiYC8S1F48SEXYcACLcBGAsYHQ\/s640\/Anota%25C3%25A7%25C3%25A3o%2B2020-04-22%2B114835.jpg\" alt=\"\"\/><\/figure>\n\n\n\n<figure class=\"wp-block-image size-large\"><img decoding=\"async\" src=\"https:\/\/1.bp.blogspot.com\/-TkCpmkYDwwA\/XqC12PFBZ2I\/AAAAAAAAQ6Q\/-sSNvsqF58Q9_NKfceLvFBeeu2Ivf2h_gCLcBGAsYHQ\/s640\/Anota%25C3%25A7%25C3%25A3o%2B2020-04-22%2B114959.jpg\" alt=\"\"\/><\/figure>\n\n\n<p>Boa noite, prezados amigos cultos e ocultos! Hoje eu tenho para voc\u00eas mais um daqueles discos que \u00e9 bem a cara do nosso Toque Musical. Embora j\u00e1 tenha sido bem divulgado em outras pra\u00e7as, n\u00e3o poderia faltar por aqui. Estamos falando deste interessant\u00edssimo lp, lan\u00e7ado pela Chantecler, segundo consta, em 1960. Conjunto de Percuss\u00e3o Dora Pinto. Este \u00e9 um daqueles discos que entrou para a listas das raridades e absurdamente muito caros (coisa de maluco no Mercado Livre). \u00c9, realmente um disco que merece aten\u00e7\u00e3o. Embora seja um trabalho excepcional, hoje em dia nada encontramos, al\u00e9m de an\u00fancios, em pesquisa pelo Google. Da\u00ed, a \u00fanica fonte de informa\u00e7\u00e3o acaba sendo o pr\u00f3prio \u00e1lbum. E por sorte h\u00e1 uma boa ficha t\u00e9cnica. O Conjunto de Percuss\u00e3o surgiu nos anos 40, por obra e inciativa da professora e pianista Dora Pinto. Um grupo musical formado exclusivamente por mulheres e conforme nos fala o texto de contracapa, inicialmente criado para acompanhar dan\u00e7as atrav\u00e9s da percuss\u00e3o. Dentro dessa linha de atua\u00e7\u00e3o, Dora e seu grupo pesquisaram os diferentes ritmos e percuss\u00f5es dentro do universo folcl\u00f3rico, trazendo a tona n\u00e3o apenas a m\u00fasica, mas tamb\u00e9m os instrumentos. Este lp n\u00e3o poderia deixar de ser uma s\u00edntese do que foi esse conjunto percussivo e at\u00e9 ent\u00e3o unica fonte de refer\u00eancia sobre esse interessant\u00edssimo trabalho, o qual n\u00e3o poderia ser esquecido.<br \/>O conte\u00fado musical \u00e9 variado e mesmo tendo sido criado h\u00e1 quase 60 anos pode nos soar bem atual. Vamos encontrar obras de Dorival Caymmi, Babi de Oliveira, Waldemar Henrique, Lorenzo Fernandez, Arnaldo Rebello, Abigail Moura al\u00e9m dos estrangeiros Saint-Saens e Ernesto Lecuona. Muito interessante, vale conferir&#8230;<\/p>\n<div>noite de temporal<\/div>\n<div>hei de seguir teus passos<\/div>\n<div>malague\u00f1a<\/div>\n<div>obaluai\u00ea<\/div>\n<div>jongo<\/div>\n<div>lundu amazonense<\/div>\n<div>chorinho elegante<\/div>\n<div>danse macabre<\/div>\n<div>p\u00e1ssaro desconhecido<\/div>\n<div>sess\u00e3o de macumba<\/div>\n<div>porque<\/div>\n<div>domingo<\/div>\n<div>\u00a0<\/div>\n<div>\u00a0<\/div>\n<div>\u00a0<\/div>\n<div>.<\/div>","protected":false},"excerpt":{"rendered":"<p>Boa noite, prezados amigos cultos e ocultos! Hoje eu tenho para voc\u00eas mais um daqueles discos que \u00e9 bem a cara do nosso Toque Musical. Embora j\u00e1 tenha sido bem divulgado em outras pra\u00e7as, n\u00e3o poderia faltar por aqui. Estamos &hellip; <a href=\"https:\/\/www.toque-musicall.com\/?p=7366\">Continue lendo <span class=\"meta-nav\">&rarr;<\/span><\/a><\/p>\n","protected":false},"author":1,"featured_media":0,"comment_status":"closed","ping_status":"closed","sticky":false,"template":"","format":"standard","meta":{"footnotes":""},"categories":[3603,217],"tags":[3602,3073],"class_list":["post-7366","post","type-post","status-publish","format-standard","hentry","category-dora-pinto","category-selo-chantecler","tag-dora-pinto","tag-selo-chantecler"],"_links":{"self":[{"href":"https:\/\/www.toque-musicall.com\/index.php?rest_route=\/wp\/v2\/posts\/7366","targetHints":{"allow":["GET"]}}],"collection":[{"href":"https:\/\/www.toque-musicall.com\/index.php?rest_route=\/wp\/v2\/posts"}],"about":[{"href":"https:\/\/www.toque-musicall.com\/index.php?rest_route=\/wp\/v2\/types\/post"}],"author":[{"embeddable":true,"href":"https:\/\/www.toque-musicall.com\/index.php?rest_route=\/wp\/v2\/users\/1"}],"replies":[{"embeddable":true,"href":"https:\/\/www.toque-musicall.com\/index.php?rest_route=%2Fwp%2Fv2%2Fcomments&post=7366"}],"version-history":[{"count":1,"href":"https:\/\/www.toque-musicall.com\/index.php?rest_route=\/wp\/v2\/posts\/7366\/revisions"}],"predecessor-version":[{"id":7367,"href":"https:\/\/www.toque-musicall.com\/index.php?rest_route=\/wp\/v2\/posts\/7366\/revisions\/7367"}],"wp:attachment":[{"href":"https:\/\/www.toque-musicall.com\/index.php?rest_route=%2Fwp%2Fv2%2Fmedia&parent=7366"}],"wp:term":[{"taxonomy":"category","embeddable":true,"href":"https:\/\/www.toque-musicall.com\/index.php?rest_route=%2Fwp%2Fv2%2Fcategories&post=7366"},{"taxonomy":"post_tag","embeddable":true,"href":"https:\/\/www.toque-musicall.com\/index.php?rest_route=%2Fwp%2Fv2%2Ftags&post=7366"}],"curies":[{"name":"wp","href":"https:\/\/api.w.org\/{rel}","templated":true}]}}