{"id":7368,"date":"2020-04-23T20:00:00","date_gmt":"2020-04-23T23:00:00","guid":{"rendered":"http:\/\/www.toque-musicall.com\/?p=7368"},"modified":"2020-04-24T20:02:55","modified_gmt":"2020-04-24T23:02:55","slug":"lauro-paiva-gafieira-em-bossa-nova-1960","status":"publish","type":"post","link":"https:\/\/www.toque-musicall.com\/?p=7368","title":{"rendered":"Lauro Paiva &#8211; Gafieira Em Bossa Nova (1960)"},"content":{"rendered":"\n<figure class=\"wp-block-image size-large\"><img decoding=\"async\" src=\"https:\/\/1.bp.blogspot.com\/-jvyJ9a6Pfos\/XqGS-NFGbLI\/AAAAAAAAQ6o\/_7shTKGKQ0E5LOrwv5kZR_fA_AIhW5WvQCLcBGAsYHQ\/s640\/Anota%25C3%25A7%25C3%25A3o%2B2020-04-23%2B102053.jpg\" alt=\"\"\/><\/figure>\n\n\n\n<figure class=\"wp-block-image size-large\"><img decoding=\"async\" src=\"https:\/\/1.bp.blogspot.com\/-CyqqrXC-PT4\/XqGS-IX-2gI\/AAAAAAAAQ6k\/tTNAF5uOCC0TJn9g-3PRxbmIp-CgLbVZgCLcBGAsYHQ\/s640\/Anota%25C3%25A7%25C3%25A3o%2B2020-04-23%2B102142.jpg\" alt=\"\"\/><\/figure>\n\n\n<p>Bom dia, amigos cultos e ocultos! Considerando o fato de que aqui postamos essencialmente discos e m\u00fasicas com mais de 20 anos, por certo acredito que nosso p\u00fablico s\u00e3o de pessoas maduras e nos dias atuais, grupo de risco nessa pandemia. Da\u00ed, volto mais uma vez a lembr\u00e1-los: FIQUEM EM CASA! Aproveitem para degustar nosso card\u00e1pio, que at\u00e9 ent\u00e3o est\u00e1 sendo di\u00e1rio, como nos bons tempos \ud83d\ude42<br \/>Hoje, tenho para voc\u00eas o pianista e organista Lauro Paiva em um \u00e1lbum de 1960, lan\u00e7ado pelo selo Copacabana. Lauro Paiva, embora hoje em dia seja quase um desconhecido, foi nos anos 50 e 60 um m\u00fasico e compositor bem popular, principalmente em S\u00e3o Paulo, onde ele fez seu nome. Nascido na Bahia, trabalhou no in\u00edcio dos anos 50 na Radio Excelsior baiana. Mudou-se para o Rio de Janeiro logo em seguida e a partir de ent\u00e3o vieram as grava\u00e7\u00f5es. Pelo que eu pesquisei ele gravou por volta de uns nove ou dez discos ao longo de sua carreira. Estabeleceu-se em S\u00e3o Paulo onde tamb\u00e9m tocava na noite. Aqui temos &#8216;Gafieira em Bossa Nova&#8221;. Como nessa \u00e9poca a Bossa Nova estava nascendo, come\u00e7ando a brilhar, muita coisa tamb\u00e9m passou a adotar o termo e n\u00e3o s\u00f3 no campo da m\u00fasica. Neste lp cujo repert\u00f3rio \u00e9 pautado no samba e no choro e se complementa com uma roupagem a la bossa nova e acaba se transformando numa gafieira em bossa. Lauro Paiva mostra o quanto domina o org\u00e3o, dando um verdadeiro show de talento. Disco muito bacana que merece o nosso toque musical. Confiram no GTM&#8230;<\/p>\n<div>gavi\u00e3o cascudo<\/div>\n<div>na pavuna<\/div>\n<div>dorinha meu amor<\/div>\n<div>fita amarela<\/div>\n<div>jura<\/div>\n<div>olhos verdes<\/div>\n<div>rosa morena<\/div>\n<div>se voc\u00ea jurar<\/div>\n<div>l\u00e1 vem a baiana<\/div>\n<div>andr\u00e9 de sapato novo<\/div>\n<div>gosto que me enrosco<\/div>\n<div>se voc\u00ea soubesse<\/div>\n<p><br \/><br \/>.<\/p>","protected":false},"excerpt":{"rendered":"<p>Bom dia, amigos cultos e ocultos! Considerando o fato de que aqui postamos essencialmente discos e m\u00fasicas com mais de 20 anos, por certo acredito que nosso p\u00fablico s\u00e3o de pessoas maduras e nos dias atuais, grupo de risco nessa &hellip; <a href=\"https:\/\/www.toque-musicall.com\/?p=7368\">Continue lendo <span class=\"meta-nav\">&rarr;<\/span><\/a><\/p>\n","protected":false},"author":1,"featured_media":0,"comment_status":"closed","ping_status":"closed","sticky":false,"template":"","format":"standard","meta":{"footnotes":""},"categories":[681,152],"tags":[3604,3108],"class_list":["post-7368","post","type-post","status-publish","format-standard","hentry","category-lauro-paiva","category-selo-copacabana","tag-lauro-paiva","tag-selo-copacabana"],"_links":{"self":[{"href":"https:\/\/www.toque-musicall.com\/index.php?rest_route=\/wp\/v2\/posts\/7368","targetHints":{"allow":["GET"]}}],"collection":[{"href":"https:\/\/www.toque-musicall.com\/index.php?rest_route=\/wp\/v2\/posts"}],"about":[{"href":"https:\/\/www.toque-musicall.com\/index.php?rest_route=\/wp\/v2\/types\/post"}],"author":[{"embeddable":true,"href":"https:\/\/www.toque-musicall.com\/index.php?rest_route=\/wp\/v2\/users\/1"}],"replies":[{"embeddable":true,"href":"https:\/\/www.toque-musicall.com\/index.php?rest_route=%2Fwp%2Fv2%2Fcomments&post=7368"}],"version-history":[{"count":1,"href":"https:\/\/www.toque-musicall.com\/index.php?rest_route=\/wp\/v2\/posts\/7368\/revisions"}],"predecessor-version":[{"id":7369,"href":"https:\/\/www.toque-musicall.com\/index.php?rest_route=\/wp\/v2\/posts\/7368\/revisions\/7369"}],"wp:attachment":[{"href":"https:\/\/www.toque-musicall.com\/index.php?rest_route=%2Fwp%2Fv2%2Fmedia&parent=7368"}],"wp:term":[{"taxonomy":"category","embeddable":true,"href":"https:\/\/www.toque-musicall.com\/index.php?rest_route=%2Fwp%2Fv2%2Fcategories&post=7368"},{"taxonomy":"post_tag","embeddable":true,"href":"https:\/\/www.toque-musicall.com\/index.php?rest_route=%2Fwp%2Fv2%2Ftags&post=7368"}],"curies":[{"name":"wp","href":"https:\/\/api.w.org\/{rel}","templated":true}]}}