{"id":7374,"date":"2020-04-25T22:56:00","date_gmt":"2020-04-26T01:56:00","guid":{"rendered":"http:\/\/www.toque-musicall.com\/?p=7374"},"modified":"2020-04-29T21:45:49","modified_gmt":"2020-04-30T00:45:49","slug":"luiz-bonfa-ritmos-continentais-1958","status":"publish","type":"post","link":"https:\/\/www.toque-musicall.com\/?p=7374","title":{"rendered":"Luiz Bonf\u00e1 &#8211; Ritmos Continentais (1958)"},"content":{"rendered":"\n<figure class=\"wp-block-image size-large\"><img decoding=\"async\" src=\"https:\/\/1.bp.blogspot.com\/-UpAfNo9FASE\/Xqd6MHZZO-I\/AAAAAAAAQ7Q\/5Js1ne0LuJk7I324M84dZsccaRoabIHIgCEwYBhgL\/s640\/Anota%25C3%25A7%25C3%25A3o%2B2020-04-27%2B200903.jpg\" alt=\"\"\/><\/figure>\n\n\n\n<figure class=\"wp-block-image size-large\"><img decoding=\"async\" src=\"https:\/\/1.bp.blogspot.com\/-PZUuOlqUcsQ\/Xqd6MKJea9I\/AAAAAAAAQ7U\/t2exbCBJ0rUusJ3pbTPXxp1RqmeQ-dRrwCEwYBhgL\/s640\/Anota%25C3%25A7%25C3%25A3o%2B2020-04-27%2B200638.jpg\" alt=\"\"\/><\/figure>\n\n\n<p>Boa noite, amigos cultos e ocultos! Nosso encontro hoje \u00e9 com Luiz Bonf\u00e1, um dos grandes violonistas brasileiro, tamb\u00e9m cantor, compositor e arranjador. Um dos mais importantes autores brasileiros. Sua m\u00fasica \u00e9 conhecida internacionalmente. Como instrumentista promoveu v\u00e1rias inova\u00e7\u00f5es t\u00e9cnicas no viol\u00e3o. Gravou uma centena de discos, muitos, inclusive fora do Brasil.<br \/>Neste lp, lan\u00e7ado em 1958 pela Odeon, temos o artista interpretando uma s\u00e9rie de m\u00fasicas, nacionais e internacionais, num modelo muito comum da \u00e9poca, discos feitos para dan\u00e7ar. Assim, j\u00e1 de sa\u00edda temos um desfile com um variado leque musical, interligados como um &#8216;pot-pourri&#8217; que toma todo o lado A. Uma dezena de m\u00fasicas dos mais variados ritmos, aqui costuradas com maestria para se dan\u00e7ar. No lado B h\u00e1 outras seis m\u00fasicas, incluindo duas composi\u00e7\u00f5es pr\u00f3prias, &#8220;Melodiando&#8221; e &#8220;Swingin em Madrid&#8221;. Este disco teve uma segunda edi\u00e7\u00e3o, com outro nome, &#8220;Luiz Bonf\u00e1 Toca Melodias das Am\u00e9ricas&#8221;. Na verdade, uma edi\u00e7\u00e3o que consta boa parte dessas grava\u00e7\u00f5es. Confiram os &#8220;Ritmos Continentais&#8221; no GTM.<\/p>\n<div>you were meant for me\u00a0<\/div>\n<div>mister sandman<\/div>\n<div>whisperin<\/div>\n<div>my melancholic baby<\/div>\n<div>cheek to cheek<\/div>\n<div>sweet sue just you<\/div>\n<div>frenesi<\/div>\n<div>quiereme mucho<\/div>\n<div>quizas quizas quizas<\/div>\n<div>speak low<\/div>\n<div>aurora<\/div>\n<div>cai cai<\/div>\n<div>mulher rendeira<\/div>\n<div>n\u00e3o tenho l\u00e1grimas<\/div>\n<div>morena boca de outro<\/div>\n<div>vereda tropical<\/div>\n<div>melodiando<\/div>\n<div>eclipse<\/div>\n<div>na baixa do sapateiro<\/div>\n<div>swingin em madrid<\/div>\n<p>.<\/p>","protected":false},"excerpt":{"rendered":"<p>Boa noite, amigos cultos e ocultos! Nosso encontro hoje \u00e9 com Luiz Bonf\u00e1, um dos grandes violonistas brasileiro, tamb\u00e9m cantor, compositor e arranjador. Um dos mais importantes autores brasileiros. Sua m\u00fasica \u00e9 conhecida internacionalmente. Como instrumentista promoveu v\u00e1rias inova\u00e7\u00f5es t\u00e9cnicas &hellip; <a href=\"https:\/\/www.toque-musicall.com\/?p=7374\">Continue lendo <span class=\"meta-nav\">&rarr;<\/span><\/a><\/p>\n","protected":false},"author":1,"featured_media":0,"comment_status":"closed","ping_status":"closed","sticky":false,"template":"","format":"standard","meta":{"footnotes":""},"categories":[2069,86],"tags":[3614,3153],"class_list":["post-7374","post","type-post","status-publish","format-standard","hentry","category-luiz-bonfa","category-selo-odeon","tag-luiz-bonfa","tag-selo-odeon"],"_links":{"self":[{"href":"https:\/\/www.toque-musicall.com\/index.php?rest_route=\/wp\/v2\/posts\/7374","targetHints":{"allow":["GET"]}}],"collection":[{"href":"https:\/\/www.toque-musicall.com\/index.php?rest_route=\/wp\/v2\/posts"}],"about":[{"href":"https:\/\/www.toque-musicall.com\/index.php?rest_route=\/wp\/v2\/types\/post"}],"author":[{"embeddable":true,"href":"https:\/\/www.toque-musicall.com\/index.php?rest_route=\/wp\/v2\/users\/1"}],"replies":[{"embeddable":true,"href":"https:\/\/www.toque-musicall.com\/index.php?rest_route=%2Fwp%2Fv2%2Fcomments&post=7374"}],"version-history":[{"count":2,"href":"https:\/\/www.toque-musicall.com\/index.php?rest_route=\/wp\/v2\/posts\/7374\/revisions"}],"predecessor-version":[{"id":7376,"href":"https:\/\/www.toque-musicall.com\/index.php?rest_route=\/wp\/v2\/posts\/7374\/revisions\/7376"}],"wp:attachment":[{"href":"https:\/\/www.toque-musicall.com\/index.php?rest_route=%2Fwp%2Fv2%2Fmedia&parent=7374"}],"wp:term":[{"taxonomy":"category","embeddable":true,"href":"https:\/\/www.toque-musicall.com\/index.php?rest_route=%2Fwp%2Fv2%2Fcategories&post=7374"},{"taxonomy":"post_tag","embeddable":true,"href":"https:\/\/www.toque-musicall.com\/index.php?rest_route=%2Fwp%2Fv2%2Ftags&post=7374"}],"curies":[{"name":"wp","href":"https:\/\/api.w.org\/{rel}","templated":true}]}}