{"id":7388,"date":"2020-04-29T22:32:00","date_gmt":"2020-04-30T01:32:00","guid":{"rendered":"http:\/\/www.toque-musicall.com\/?p=7388"},"modified":"2020-04-29T22:56:00","modified_gmt":"2020-04-30T01:56:00","slug":"roberto-menescal-ditos-e-feitos-1992","status":"publish","type":"post","link":"https:\/\/www.toque-musicall.com\/?p=7388","title":{"rendered":"Roberto Menescal &#8211; Ditos E Feitos (1992)"},"content":{"rendered":"\n<figure class=\"wp-block-image size-large\"><img decoding=\"async\" src=\"https:\/\/1.bp.blogspot.com\/-OtQYt7hix1k\/XqojmheOR3I\/AAAAAAAAQ9I\/wsVUHr8-DAcASFraYfFUYlCZsc6Szy3gACLcBGAsYHQ\/s640\/Anota%25C3%25A7%25C3%25A3o%2B2020-04-29%2B221754.jpg\" alt=\"\"\/><\/figure>\n\n\n\n<figure class=\"wp-block-image size-large\"><img decoding=\"async\" src=\"https:\/\/1.bp.blogspot.com\/-FWVZxLGrFu0\/XqojmgPdjfI\/AAAAAAAAQ9E\/XWKSUQvsXFsTSo2mKfpU18j-KdBaGi7KACLcBGAsYHQ\/s640\/Anota%25C3%25A7%25C3%25A3o%2B2020-04-29%2B221836.jpg\" alt=\"\"\/><\/figure>\n\n\n<p>Boa noite, amigu\u00edssimos cultos e ocultos! Aqui temos para hoje um \u00edcone da Bossa Nova, o grande Roberto Menescal em um dos seus discos dos anos 90. Disco gravado em 1991 e lan\u00e7ado no ano seguinte, traz, entre outras, uma s\u00e9rie de releituras de algumas de suas c\u00e9lebres composi\u00e7\u00f5es. Neste lp ele conta com a participa\u00e7\u00e3o vocal de Cristiane Britto, que logo passaria a ser chamada artisticamente de Cris Delano, companheira de muitos outros projetos de Menescal. \u00c9 um trabalho bacana, produzido pelo pr\u00f3prio artista e com ares de exporta\u00e7\u00e3o. Disco para gringo, com certeza. Confiram no GTM..<\/p>\n<div>bye bye brasil<\/div>\n<div>tet\u00ea<\/div>\n<div>ci\u00fame<\/div>\n<div>vagamente<\/div>\n<div>barquinho &#8211; voc\u00ea<\/div>\n<div>anohi ni kaeritai<\/div>\n<div>ditos e feitos<\/div>\n<div>anos dourados<\/div>\n<div>telefone<\/div>\n<div>a morte de um deus de sal<\/div>\n<div>brekel\u00e9<\/div>\n<p>\u00a0<\/p>\n\n\n<p><\/p>\n","protected":false},"excerpt":{"rendered":"<p>Boa noite, amigu\u00edssimos cultos e ocultos! Aqui temos para hoje um \u00edcone da Bossa Nova, o grande Roberto Menescal em um dos seus discos dos anos 90. Disco gravado em 1991 e lan\u00e7ado no ano seguinte, traz, entre outras, uma &hellip; <a href=\"https:\/\/www.toque-musicall.com\/?p=7388\">Continue lendo <span class=\"meta-nav\">&rarr;<\/span><\/a><\/p>\n","protected":false},"author":1,"featured_media":0,"comment_status":"closed","ping_status":"closed","sticky":false,"template":"","format":"standard","meta":{"footnotes":""},"categories":[295,252],"tags":[3617,3616],"class_list":["post-7388","post","type-post","status-publish","format-standard","hentry","category-roberto-menescal","category-selo-wea","tag-roberto-menescal","tag-selo-wea"],"_links":{"self":[{"href":"https:\/\/www.toque-musicall.com\/index.php?rest_route=\/wp\/v2\/posts\/7388","targetHints":{"allow":["GET"]}}],"collection":[{"href":"https:\/\/www.toque-musicall.com\/index.php?rest_route=\/wp\/v2\/posts"}],"about":[{"href":"https:\/\/www.toque-musicall.com\/index.php?rest_route=\/wp\/v2\/types\/post"}],"author":[{"embeddable":true,"href":"https:\/\/www.toque-musicall.com\/index.php?rest_route=\/wp\/v2\/users\/1"}],"replies":[{"embeddable":true,"href":"https:\/\/www.toque-musicall.com\/index.php?rest_route=%2Fwp%2Fv2%2Fcomments&post=7388"}],"version-history":[{"count":2,"href":"https:\/\/www.toque-musicall.com\/index.php?rest_route=\/wp\/v2\/posts\/7388\/revisions"}],"predecessor-version":[{"id":7390,"href":"https:\/\/www.toque-musicall.com\/index.php?rest_route=\/wp\/v2\/posts\/7388\/revisions\/7390"}],"wp:attachment":[{"href":"https:\/\/www.toque-musicall.com\/index.php?rest_route=%2Fwp%2Fv2%2Fmedia&parent=7388"}],"wp:term":[{"taxonomy":"category","embeddable":true,"href":"https:\/\/www.toque-musicall.com\/index.php?rest_route=%2Fwp%2Fv2%2Fcategories&post=7388"},{"taxonomy":"post_tag","embeddable":true,"href":"https:\/\/www.toque-musicall.com\/index.php?rest_route=%2Fwp%2Fv2%2Ftags&post=7388"}],"curies":[{"name":"wp","href":"https:\/\/api.w.org\/{rel}","templated":true}]}}