{"id":7398,"date":"2020-05-02T19:15:42","date_gmt":"2020-05-02T22:15:42","guid":{"rendered":"http:\/\/www.toque-musicall.com\/?p=7398"},"modified":"2020-05-02T19:15:42","modified_gmt":"2020-05-02T22:15:42","slug":"os-cariocas-a-grande-bossa-dos-cariocas-1964","status":"publish","type":"post","link":"https:\/\/www.toque-musicall.com\/?p=7398","title":{"rendered":"Os Cariocas &#8211; A Grande Bossa Dos Cariocas (1964)"},"content":{"rendered":"\n<figure class=\"wp-block-image size-large\"><img decoding=\"async\" src=\"https:\/\/1.bp.blogspot.com\/-FFmRjKX43FU\/Xq3qWjcTDxI\/AAAAAAAAQ-E\/VF_IgJkPgz4DY_KQpw4h-AhDGrgG5tgQACLcBGAsYHQ\/s640\/Anota%25C3%25A7%25C3%25A3o%2B2020-05-02%2B185839.jpg\" alt=\"\"\/><\/figure>\n\n\n\n<figure class=\"wp-block-image size-large\"><img decoding=\"async\" src=\"https:\/\/1.bp.blogspot.com\/-hfPlYVQC4RQ\/Xq3qWWqoqQI\/AAAAAAAAQ-A\/HQnqFigxHwUsonKii93K9CvqXAfR1aQJwCLcBGAsYHQ\/s640\/Anota%25C3%25A7%25C3%25A3o%2B2020-05-02%2B185919.jpg\" alt=\"\"\/><\/figure>\n\n\n<p>Boa noite, amiguinhos cultos e ocultos! Para manter o n\u00edvel e fazer valer este s\u00e1bado de quarentena, vamos hoje com o quarteto vocal, Os Cariocas. Mais uma vez marcando presen\u00e7a em nosso Toque Musical e em um disco que eu pensava j\u00e1 ter postado por aqui. Vejam voc\u00eas, estava ainda in\u00e9dito em nossa pra\u00e7a. Ali\u00e1s, por falar em in\u00e9dito, &#8220;A Grande Bossa dos Cariocas&#8221; \u00e9 um disco cl\u00e1ssico da Bossa Nova e trouxe, na \u00e9poca de seu lan\u00e7amento, um repert\u00f3rio de m\u00fasicas todas in\u00e9ditas, que logo viriam a ser um grande sucesso. Trabalho maravilhoso, que de tanto ter sido divulgado (literalmente) a quatro cantos, dispensa maiores informa\u00e7\u00f5es. Melhor correr para o GTM e conferir&#8230;<\/p>\n<div>a minha namorada<\/div>\n<div>samba de ver\u00e3o<\/div>\n<div>in\u00fatil paisagem<\/div>\n<div>nem o mar sabia<\/div>\n<div>ins\u00f4nia por s\u00f4nia<\/div>\n<div>longe do rio<\/div>\n<div>e vem o sol<\/div>\n<div>tema para quatro<\/div>\n<div>domingo azul<\/div>\n<div>mo\u00e7a da praia<\/div>\n<div>ei natureza<\/div>\n<div>s\u00f3 tinha de ser com voc\u00ea<\/div>\n<p><br \/><br \/><br \/>.<\/p>\n\n\n<p><\/p>\n","protected":false},"excerpt":{"rendered":"<p>Boa noite, amiguinhos cultos e ocultos! Para manter o n\u00edvel e fazer valer este s\u00e1bado de quarentena, vamos hoje com o quarteto vocal, Os Cariocas. Mais uma vez marcando presen\u00e7a em nosso Toque Musical e em um disco que eu &hellip; <a href=\"https:\/\/www.toque-musicall.com\/?p=7398\">Continue lendo <span class=\"meta-nav\">&rarr;<\/span><\/a><\/p>\n","protected":false},"author":1,"featured_media":0,"comment_status":"closed","ping_status":"closed","sticky":false,"template":"","format":"standard","meta":{"footnotes":""},"categories":[290,48],"tags":[3621,3012],"class_list":["post-7398","post","type-post","status-publish","format-standard","hentry","category-os-cariocas","category-selo-philips","tag-os-cariocas","tag-selo-philips"],"_links":{"self":[{"href":"https:\/\/www.toque-musicall.com\/index.php?rest_route=\/wp\/v2\/posts\/7398","targetHints":{"allow":["GET"]}}],"collection":[{"href":"https:\/\/www.toque-musicall.com\/index.php?rest_route=\/wp\/v2\/posts"}],"about":[{"href":"https:\/\/www.toque-musicall.com\/index.php?rest_route=\/wp\/v2\/types\/post"}],"author":[{"embeddable":true,"href":"https:\/\/www.toque-musicall.com\/index.php?rest_route=\/wp\/v2\/users\/1"}],"replies":[{"embeddable":true,"href":"https:\/\/www.toque-musicall.com\/index.php?rest_route=%2Fwp%2Fv2%2Fcomments&post=7398"}],"version-history":[{"count":1,"href":"https:\/\/www.toque-musicall.com\/index.php?rest_route=\/wp\/v2\/posts\/7398\/revisions"}],"predecessor-version":[{"id":7399,"href":"https:\/\/www.toque-musicall.com\/index.php?rest_route=\/wp\/v2\/posts\/7398\/revisions\/7399"}],"wp:attachment":[{"href":"https:\/\/www.toque-musicall.com\/index.php?rest_route=%2Fwp%2Fv2%2Fmedia&parent=7398"}],"wp:term":[{"taxonomy":"category","embeddable":true,"href":"https:\/\/www.toque-musicall.com\/index.php?rest_route=%2Fwp%2Fv2%2Fcategories&post=7398"},{"taxonomy":"post_tag","embeddable":true,"href":"https:\/\/www.toque-musicall.com\/index.php?rest_route=%2Fwp%2Fv2%2Ftags&post=7398"}],"curies":[{"name":"wp","href":"https:\/\/api.w.org\/{rel}","templated":true}]}}