{"id":74,"date":"2012-05-05T02:20:00","date_gmt":"2012-05-05T02:20:00","guid":{"rendered":"http:\/\/www.toque-musicall.com\/?p=74"},"modified":"2012-05-05T02:20:00","modified_gmt":"2012-05-05T02:20:00","slug":"nelson-pilo-seu-violao-e-sua-arte-1970","status":"publish","type":"post","link":"https:\/\/www.toque-musicall.com\/?p=74","title":{"rendered":"Nelson Pil\u00f3 &#8211; Seu Viol\u00e3o E Sua Arte (1970)"},"content":{"rendered":"<div style=\"clear: both; text-align: center;\"><a href=\"http:\/\/4.bp.blogspot.com\/-uXt765tHAOg\/T6R5sCP5EBI\/AAAAAAAAB54\/h1VJMGiZtB8\/s1600\/nelson+pil%C3%B3+P.JPG\" style=\"margin-left: 1em; margin-right: 1em;\"><img loading=\"lazy\" decoding=\"async\" border=\"0\" height=\"400\" src=\"http:\/\/4.bp.blogspot.com\/-uXt765tHAOg\/T6R5sCP5EBI\/AAAAAAAAB54\/h1VJMGiZtB8\/s400\/nelson+pil%C3%B3+P.JPG\" width=\"392\" \/><\/a><\/div>\n<div style=\"clear: both; text-align: center;\"><a href=\"http:\/\/2.bp.blogspot.com\/-jrjJkz5kzGc\/T6QYySlZhQI\/AAAAAAAAB5Y\/mz1uezNeRL4\/s1600\/contracapa+p.JPG\" style=\"margin-left: 1em; margin-right: 1em;\"><img loading=\"lazy\" decoding=\"async\" border=\"0\" height=\"391\" src=\"http:\/\/2.bp.blogspot.com\/-jrjJkz5kzGc\/T6QYySlZhQI\/AAAAAAAAB5Y\/mz1uezNeRL4\/s400\/contracapa+p.JPG\" width=\"400\" \/><\/a><\/div>\n<p>Boa noite, amigos cultos, ocultos e associados! Tenho, infelizmente, uma triste not\u00edcia para todos. Vou notici\u00e1-la primeiramente por aqui para ver at\u00e9 onde o escriba Augusto tem chegado, ou seja, quantos realmente est\u00e3o lendo o que eu escrevo. A not\u00edcia n\u00e3o \u00e9 boa, mas dependendo da repercuss\u00e3o, posso at\u00e9 achar que n\u00e3o foi t\u00e3o mal assim. O neg\u00f3cio \u00e9 o seguinte&#8230; ao chegar no fim deste mesmo de maio, o blog Toque Musical vai mesmo pendurar a chuteira. Isso porque, segundo a equipe do Blogger, a partir de junho todos os autores do blog, dever\u00e3o assumir uma identidade verdadeira, Quer dizer, se eu quiser manter o TM, terei que obrigatoriamente revelar a minha verdadeira pessoa. Pelo menos para eles eu terei que deixar de ser o &#8216;misterioso baixinho black power&#8217; e mostrar de vez a minha cara. Bom, eu sou feio, mas n\u00e3o sou bobo. N\u00e3o vou entrar nessa e me expor de bandeja assim. Prefiro ent\u00e3o que eles encerrem o blog. Preferia mesmo que fosse no final de junho, assim o Toque Musical estaria encerrando com chave de ouro, completando os seus 5 aninhos de exist\u00eancia e resist\u00eancia. Talvez, dependendo do meu estado de esp\u00edrito, eu continue levando o blog em frente, na vers\u00e3o desatualizada do concorrente, WordPress. Talvez at\u00e9 eu crie uma nova vers\u00e3o por l\u00e1, o que me dar\u00e1 menos trabalho do que ficar incluindo as postagens que faltam. \u00c9 prov\u00e1vel tamb\u00e9m que o WordPress acabe seguindo o mesmo caminho do Blogger e isso \u00e9 que me desestimula. Sinceramente, se for rolar, fica aqui j\u00e1 o convite para o vel\u00f3rio do Augusto TM. Assim sendo, aproveitem bem os \u00faltimos dias de Pomp\u00e9ia e rezem para que haja vida ap\u00f3s a morte!<br \/>Mas enquanto isso, vamos dando os toques, at\u00e9 que a morte nos separe \ud83d\ude41 \u00a0Hoje \u00e9 dia de artista\/disco independente, por\u00e9m o presente \u00e1lbum n\u00e3o \u00e9 exatamente um disco independente, foi apenas lan\u00e7ado por uma pequena editora, em 1965 e mais tarde, relan\u00e7ado pelo obscuro selo Hot, supostamente em 1970, que \u00e9 a vers\u00e3o que eu apresento a voc\u00eas. Temos assim, Nelson Emmanuel Pil\u00f3, um grande compositor e violonista, mineiro de &#8216;Belzonte&#8217;, que num passado agora distante era muito tocado nas r\u00e1dios da capital mineira. Nos anos 50 ele se tranferiu para o Rio de Janeiro, indo trabalhar como arranjador na R\u00e1dio Nacional. Foi amigo de Dilermando Reis e segundo nos conta F\u00e1bio Zanon em seu programa pela R\u00e1dio Cultura FM, era Pil\u00f3 quem transcrevia para o papel as m\u00fasicas do outro mestre. Dilermando, por sua vez chegou a gravar m\u00fasicas de Pil\u00f3. Nosso compositor e instrumentista mineiro tamb\u00e9m foi respons\u00e1vel pela transcri\u00e7\u00e3o e arranjos de obras de Ernesto Nazareth e Catulo da Paix\u00e3o Cearense. Gravou tamb\u00e9m outros discos, \u00e1lbuns hoje muito raros, conhecidos apenas por quem \u00e9 do pinho. Voltou a Belo Horizonte onde foi professor de muita gente. Neste \u00e1lbum, praticamente quase todo autoral, vamos encontrar uma pequena amostra das qualidades e da t\u00e9nica desse grande artista. Pessoalmente, gosto muito da faixa 2, &#8220;Suspiro da negra&#8221;, m\u00fasica esta tamb\u00e9m gravada por Dilermando. Vamos conferir&#8230;<\/p>\n<div style=\"text-align: center;\">saudades de aracaju<\/div>\n<div style=\"text-align: center;\">suspiro da negra<\/div>\n<div style=\"text-align: center;\">ora\u00e7\u00e3o da tarde<\/div>\n<div style=\"text-align: center;\">relembrando o recife<\/div>\n<div style=\"text-align: center;\">dan\u00e7a da princesa<\/div>\n<div style=\"text-align: center;\">bossa nova internacional<\/div>\n<div style=\"text-align: center;\">m\u00e1rcia<\/div>\n<div style=\"text-align: center;\">bailado das estrelas<\/div>\n<div style=\"text-align: center;\">tema do conde de eden<\/div>\n<div style=\"text-align: center;\">dan\u00e7a dos astros<\/div>\n<div style=\"text-align: center;\"><\/div>\n<p><\/p>\n","protected":false},"excerpt":{"rendered":"<p>Boa noite, amigos cultos, ocultos e associados! Tenho, infelizmente, uma triste not\u00edcia para todos. Vou notici\u00e1-la primeiramente por aqui para ver at\u00e9 onde o escriba Augusto tem chegado, ou seja, quantos realmente est\u00e3o lendo o que eu escrevo. A not\u00edcia &hellip; <a href=\"https:\/\/www.toque-musicall.com\/?p=74\">Continue lendo <span class=\"meta-nav\">&rarr;<\/span><\/a><\/p>\n","protected":false},"author":1,"featured_media":0,"comment_status":"open","ping_status":"closed","sticky":false,"template":"","format":"standard","meta":{"footnotes":""},"categories":[126,127],"tags":[],"class_list":["post-74","post","type-post","status-publish","format-standard","hentry","category-nelson-pilo","category-selo-hot"],"_links":{"self":[{"href":"https:\/\/www.toque-musicall.com\/index.php?rest_route=\/wp\/v2\/posts\/74","targetHints":{"allow":["GET"]}}],"collection":[{"href":"https:\/\/www.toque-musicall.com\/index.php?rest_route=\/wp\/v2\/posts"}],"about":[{"href":"https:\/\/www.toque-musicall.com\/index.php?rest_route=\/wp\/v2\/types\/post"}],"author":[{"embeddable":true,"href":"https:\/\/www.toque-musicall.com\/index.php?rest_route=\/wp\/v2\/users\/1"}],"replies":[{"embeddable":true,"href":"https:\/\/www.toque-musicall.com\/index.php?rest_route=%2Fwp%2Fv2%2Fcomments&post=74"}],"version-history":[{"count":0,"href":"https:\/\/www.toque-musicall.com\/index.php?rest_route=\/wp\/v2\/posts\/74\/revisions"}],"wp:attachment":[{"href":"https:\/\/www.toque-musicall.com\/index.php?rest_route=%2Fwp%2Fv2%2Fmedia&parent=74"}],"wp:term":[{"taxonomy":"category","embeddable":true,"href":"https:\/\/www.toque-musicall.com\/index.php?rest_route=%2Fwp%2Fv2%2Fcategories&post=74"},{"taxonomy":"post_tag","embeddable":true,"href":"https:\/\/www.toque-musicall.com\/index.php?rest_route=%2Fwp%2Fv2%2Ftags&post=74"}],"curies":[{"name":"wp","href":"https:\/\/api.w.org\/{rel}","templated":true}]}}