{"id":7403,"date":"2020-05-05T00:51:00","date_gmt":"2020-05-05T03:51:00","guid":{"rendered":"http:\/\/www.toque-musicall.com\/?p=7403"},"modified":"2020-05-05T19:54:41","modified_gmt":"2020-05-05T22:54:41","slug":"aldir-blanc-coletanea-toque-musical-2020","status":"publish","type":"post","link":"https:\/\/www.toque-musicall.com\/?p=7403","title":{"rendered":"Aldir Blanc &#8211; Colet\u00e2nea Toque Musical (2020)"},"content":{"rendered":"\n<figure class=\"wp-block-image size-large\"><img decoding=\"async\" src=\"https:\/\/1.bp.blogspot.com\/-1RTBkJbIiwg\/XrDRAISGX5I\/AAAAAAAAQ-w\/1oiwNUnQBS0Pj0bCYsUPR67J4MxZVmNMgCLcBGAsYHQ\/s640\/Anota%25C3%25A7%25C3%25A3o%2B2020-05-04%2B234902.jpg\" alt=\"\"\/><\/figure>\n\n\n\n<figure class=\"wp-block-image size-large\"><img decoding=\"async\" src=\"https:\/\/1.bp.blogspot.com\/-e1Ug3LWruOI\/XrDQ_4E89pI\/AAAAAAAAQ-s\/Mhx2NCuBE7YmpcPtpM_gzDYDCooRQonlwCLcBGAsYHQ\/s640\/Anota%25C3%25A7%25C3%25A3o%2B2020-05-04%2B234816.jpg\" alt=\"\"\/><\/figure>\n\n\n<p>Boa noite, meus car\u00edssimos amigos cultos e ocultos. Tempos dif\u00edceis os que vivemos, heim? Dias de tristezas e incertezas. A cada momento uma not\u00edcia ruim e de ontem para hoje n\u00e3o foi diferente. Estou chocado com a morte do Fl\u00e1vio Migliaccio e n\u00e3o menos triste com a passagem do Aldir Blanc. Aos poucos a turma toda vai nos deixando. Tudo passa, n\u00e3o \u00e9 mesmo?<br>Hoje o nosso dia n\u00e3o podia ser outro sen\u00e3o homenagear a figura de Aldir Blanc, um dos maiores e mais importantes compositores da nossa M\u00fasica Popular Brasileira. Infelizmente falecido no dia de ontem. Perdemos um dos autores de cl\u00e1ssicos inesquec\u00edveis, cantados por tantos outros grandes artistas e int\u00e9rpretes. Pensei em postar algum de seus discos, por\u00e9m me pareceu mais marcante criar para hoje esta colet\u00e2nea. Uma sele\u00e7\u00e3o de composi\u00e7\u00f5es de Aldir Blanc, cantadas por ele pr\u00f3prio. Boa parte da m\u00fasicas fazem parte do disco (cd) &#8220;Vida Noturna&#8221;, de 2005, mas h\u00e1 outras coisas bem interessantes. Aqui, como de costume criei essa sele\u00e7\u00e3o exclusiva e com capinha. S\u00e3o vinte e duas m\u00fasicas cantadas por ele e de abertura uma apresenta\u00e7\u00e3o do artista feita por Dorival Caymmi. Nossa homenagem ao genial Aldir Blanc.<\/p>\n<div>apresenta\u00e7\u00e3o &#8211; dorival caymmi<\/div>\n<div>querelas do brasil<\/div>\n<div>vida noturna<\/div>\n<div>dois bombons e uma rosa<\/div>\n<div>lupic\u00ednia<\/div>\n<div>santo amaro<\/div>\n<div>flores na lapela<\/div>\n<div>anel de ouro<\/div>\n<div>velhas ruas<\/div>\n<div>recreio das meninas II<\/div>\n<div>cen\u00e1rio da terra &#8211; neg\u00e3o nas paradas<\/div>\n<div>constela\u00e7\u00e3o maior<\/div>\n<div>paquet\u00e1 dezembro de 56<\/div>\n<div>valsa do maracan\u00e3<\/div>\n<div>dry<\/div>\n<div>mastru\u00e7o e catuaba<\/div>\n<div>cordas<\/div>\n<div>lua sobre sangue<\/div>\n<div>me d\u00e1 a pen\u00faltima<\/div>\n<div>resposta ao tempo<\/div>\n<div>moonlight serenade<\/div>\n<div>retrato cantado<\/div>\n<div>perder um amigo<\/div>\n<p>.<\/p>","protected":false},"excerpt":{"rendered":"<p>Boa noite, meus car\u00edssimos amigos cultos e ocultos. Tempos dif\u00edceis os que vivemos, heim? Dias de tristezas e incertezas. A cada momento uma not\u00edcia ruim e de ontem para hoje n\u00e3o foi diferente. Estou chocado com a morte do Fl\u00e1vio &hellip; <a href=\"https:\/\/www.toque-musicall.com\/?p=7403\">Continue lendo <span class=\"meta-nav\">&rarr;<\/span><\/a><\/p>\n","protected":false},"author":1,"featured_media":0,"comment_status":"closed","ping_status":"closed","sticky":false,"template":"","format":"standard","meta":{"footnotes":""},"categories":[1965,64,3457],"tags":[3627,3158,3429],"class_list":["post-7403","post","type-post","status-publish","format-standard","hentry","category-aldir-blanc","category-coletanea","category-exclusivos-toque-musical","tag-aldir-blanc","tag-coletanea","tag-exclusivos-do-toque-musical"],"_links":{"self":[{"href":"https:\/\/www.toque-musicall.com\/index.php?rest_route=\/wp\/v2\/posts\/7403","targetHints":{"allow":["GET"]}}],"collection":[{"href":"https:\/\/www.toque-musicall.com\/index.php?rest_route=\/wp\/v2\/posts"}],"about":[{"href":"https:\/\/www.toque-musicall.com\/index.php?rest_route=\/wp\/v2\/types\/post"}],"author":[{"embeddable":true,"href":"https:\/\/www.toque-musicall.com\/index.php?rest_route=\/wp\/v2\/users\/1"}],"replies":[{"embeddable":true,"href":"https:\/\/www.toque-musicall.com\/index.php?rest_route=%2Fwp%2Fv2%2Fcomments&post=7403"}],"version-history":[{"count":2,"href":"https:\/\/www.toque-musicall.com\/index.php?rest_route=\/wp\/v2\/posts\/7403\/revisions"}],"predecessor-version":[{"id":7405,"href":"https:\/\/www.toque-musicall.com\/index.php?rest_route=\/wp\/v2\/posts\/7403\/revisions\/7405"}],"wp:attachment":[{"href":"https:\/\/www.toque-musicall.com\/index.php?rest_route=%2Fwp%2Fv2%2Fmedia&parent=7403"}],"wp:term":[{"taxonomy":"category","embeddable":true,"href":"https:\/\/www.toque-musicall.com\/index.php?rest_route=%2Fwp%2Fv2%2Fcategories&post=7403"},{"taxonomy":"post_tag","embeddable":true,"href":"https:\/\/www.toque-musicall.com\/index.php?rest_route=%2Fwp%2Fv2%2Ftags&post=7403"}],"curies":[{"name":"wp","href":"https:\/\/api.w.org\/{rel}","templated":true}]}}