{"id":7416,"date":"2020-05-06T21:31:07","date_gmt":"2020-05-07T00:31:07","guid":{"rendered":"http:\/\/www.toque-musicall.com\/?p=7416"},"modified":"2020-05-06T21:31:07","modified_gmt":"2020-05-07T00:31:07","slug":"gregorio-barrios-e-tropical-brazilian-band-noites-de-nostalgia-vol-3-1977","status":"publish","type":"post","link":"https:\/\/www.toque-musicall.com\/?p=7416","title":{"rendered":"Gregorio Barrios E Tropical Brazilian Band &#8211; Noites De Nostalgia Vol. 3 (1977)"},"content":{"rendered":"\n<figure class=\"wp-block-image size-large\"><img decoding=\"async\" src=\"https:\/\/1.bp.blogspot.com\/--bHEOaf0Q7Y\/XrNKPog8oRI\/AAAAAAAARB4\/v1VkypWn9eE-pKLrlqJNc5i1FDMalTwXQCK4BGAsYHg\/w636-h640\/Anota%25C3%25A7%25C3%25A3o%2B2020-05-06%2B204743.jpg\" alt=\"\"\/><\/figure>\n\n\n\n<figure class=\"wp-block-image size-large\"><img decoding=\"async\" src=\"https:\/\/1.bp.blogspot.com\/-aT0ek8Nvxow\/XrNKP_0QKQI\/AAAAAAAARB8\/mSX27ZpUrUo1tbhWOMqvWDlOjj98nVUXACK4BGAsYHg\/w636-h640\/Anota%25C3%25A7%25C3%25A3o%2B2020-05-06%2B204844.jpg\" alt=\"\"\/><\/figure>\n\n\n<div class=\"separator\">Boa noite, meus caros amigos cultos e ocultos! Ap\u00f3s termos postado aqui uma homenagem ao Aldir Blanc, podemos considerar esta de hoje tamb\u00e9m uma extens\u00e3o, pois eu sei que o Aldir apreciava um boler\u00e3o. E ningu\u00e9m melhor que Gregorio Barrios para faz\u00ea-lo. Considerado o &#8216;Rei do Bolero&#8217;, este espanhol veio ainda crian\u00e7a, junto com sua fam\u00edlia, morar na Argentina. Por l\u00e1 passou toda a sua juventude e teve a sua forma\u00e7\u00e3o musical aprendendo canto. Interpretava can\u00e7onetas, trechos de \u00f3peras e tangos. Tamb\u00e9m atuou no cinema argentino. Era contratado da R\u00e1dio El Mundo, de Buenos Aires. Mas em sua primeira excurs\u00e3o ao Brasil, ficou encantado com o nosso pa\u00eds e n\u00e3o demorou muito, transferiu-se de vez para c\u00e1. Casou-se com uma brasileira e por aqui fixou resid\u00eancia e adotando o Brasil como sua terceira p\u00e1tria. Sua fama de &#8216;rei do bolero&#8217; nasceu aqui, pois ele foi um dos maiores representantes do g\u00eanero, sempre cantando em espanhol. Gravou v\u00e1rios discos. Excursionou por toda a America Latina, fazendo sucesso tamb\u00e9m na Europa. Faleceu em 1978, em S\u00e3o Paulo, onde foi enterrado. Esta \u00e9 a primeira vez que postamos um disco deste cantor, que embora cantasse bolero e em outra l\u00edngua, pode sim ser considerado um artista brasileiro. Neste lp, &#8220;Noites de Nostalgia&#8221; apresentamos o cantor acompanhado pela Tropical Brazilian Band. Gravado originalmente pelo selo Continental, o primeiro volume foi lan\u00e7ado em 1975. Este terceiro volume veio em 77, mas teve uma reedi\u00e7\u00e3o alguns anos depois, desta vez com o selo Phonodisc. Neste volume ele nos apresenta um repert\u00f3rio j\u00e1 consagrado, muitas das m\u00fasicas s\u00e3o regrava\u00e7\u00f5es, mas aqui ganha uma nova roupagem ao lado de uma &#8216;big band&#8217;. Confiram no GTM&#8230;<\/div>\n<div class=\"separator\">\u00a0<\/div>\n<div class=\"separator\">dio come te amo<\/div>\n<div class=\"separator\">la puerta<\/div>\n<div class=\"separator\">voy apagar la luz<\/div>\n<div class=\"separator\">luna lunera<\/div>\n<div class=\"separator\">arrazame asi<\/div>\n<div class=\"separator\">palida cancion<\/div>\n<div class=\"separator\">maria dolores<\/div>\n<div class=\"separator\">oracion caribe<\/div>\n<div class=\"separator\">regalame esta noche<\/div>\n<div class=\"separator\">sabras que te quiero<\/div>\n<div class=\"separator\">siboney<\/div>\n<div class=\"separator\">esta tarde vi llover<\/div>\n<div class=\"separator\">palabras de mujer<\/div>\n<div class=\"separator\">inutilmente<\/div>\n<div class=\"separator\">\u00a0<\/div>\n<div class=\"separator\">\u00a0<\/div>\n<div class=\"separator\">.<\/div>","protected":false},"excerpt":{"rendered":"<p>Boa noite, meus caros amigos cultos e ocultos! Ap\u00f3s termos postado aqui uma homenagem ao Aldir Blanc, podemos considerar esta de hoje tamb\u00e9m uma extens\u00e3o, pois eu sei que o Aldir apreciava um boler\u00e3o. E ningu\u00e9m melhor que Gregorio Barrios &hellip; <a href=\"https:\/\/www.toque-musicall.com\/?p=7416\">Continue lendo <span class=\"meta-nav\">&rarr;<\/span><\/a><\/p>\n","protected":false},"author":1,"featured_media":0,"comment_status":"closed","ping_status":"closed","sticky":false,"template":"","format":"standard","meta":{"footnotes":""},"categories":[3630,41],"tags":[],"class_list":["post-7416","post","type-post","status-publish","format-standard","hentry","category-gregorio-de-barrios","category-selo-phonodisc"],"_links":{"self":[{"href":"https:\/\/www.toque-musicall.com\/index.php?rest_route=\/wp\/v2\/posts\/7416","targetHints":{"allow":["GET"]}}],"collection":[{"href":"https:\/\/www.toque-musicall.com\/index.php?rest_route=\/wp\/v2\/posts"}],"about":[{"href":"https:\/\/www.toque-musicall.com\/index.php?rest_route=\/wp\/v2\/types\/post"}],"author":[{"embeddable":true,"href":"https:\/\/www.toque-musicall.com\/index.php?rest_route=\/wp\/v2\/users\/1"}],"replies":[{"embeddable":true,"href":"https:\/\/www.toque-musicall.com\/index.php?rest_route=%2Fwp%2Fv2%2Fcomments&post=7416"}],"version-history":[{"count":2,"href":"https:\/\/www.toque-musicall.com\/index.php?rest_route=\/wp\/v2\/posts\/7416\/revisions"}],"predecessor-version":[{"id":7418,"href":"https:\/\/www.toque-musicall.com\/index.php?rest_route=\/wp\/v2\/posts\/7416\/revisions\/7418"}],"wp:attachment":[{"href":"https:\/\/www.toque-musicall.com\/index.php?rest_route=%2Fwp%2Fv2%2Fmedia&parent=7416"}],"wp:term":[{"taxonomy":"category","embeddable":true,"href":"https:\/\/www.toque-musicall.com\/index.php?rest_route=%2Fwp%2Fv2%2Fcategories&post=7416"},{"taxonomy":"post_tag","embeddable":true,"href":"https:\/\/www.toque-musicall.com\/index.php?rest_route=%2Fwp%2Fv2%2Ftags&post=7416"}],"curies":[{"name":"wp","href":"https:\/\/api.w.org\/{rel}","templated":true}]}}