{"id":742,"date":"2010-08-24T10:57:00","date_gmt":"2010-08-24T10:57:00","guid":{"rendered":"http:\/\/www.toque-musicall.com\/?p=742"},"modified":"2010-08-24T10:57:00","modified_gmt":"2010-08-24T10:57:00","slug":"luiz-claudio-programa-olhar-brasileiro-2010","status":"publish","type":"post","link":"https:\/\/www.toque-musicall.com\/?p=742","title":{"rendered":"Luiz Claudio &#8211; Programa Olhar Brasileiro (2010)"},"content":{"rendered":"<p><a href=\"http:\/\/4.bp.blogspot.com\/_DSKVEvHtskc\/THOly6L3buI\/AAAAAAAAG7o\/grdTT0_oL2Y\/s1600\/lUIZ+cLAUDIO+~P.JPG\"><img decoding=\"async\" style=\"TEXT-ALIGN: center; MARGIN: 0px auto 10px; WIDTH: 397px; DISPLAY: block; HEIGHT: 400px; CURSOR: hand\" id=\"BLOGGER_PHOTO_ID_5508929063235317474\" border=\"0\" alt=\"\" src=\"http:\/\/4.bp.blogspot.com\/_DSKVEvHtskc\/THOly6L3buI\/AAAAAAAAG7o\/grdTT0_oL2Y\/s400\/lUIZ+cLAUDIO+~P.JPG\" \/><\/a>Ol\u00e1 amigos cultos e ocultos! Eu tamb\u00e9m fa\u00e7o parte do grupo de discuss\u00e3o do cantor mineiro Luiz Cl\u00e1udio. Recentemente, algu\u00e9m por l\u00e1 enviou a grava\u00e7\u00e3o de um programa de r\u00e1dio dedicado ao artista. Embora n\u00e3o fosse um material in\u00e9dito, em termos do repert\u00f3rio, n\u00e3o deixou de ser interessante como uma pequena amostra de quem foi este artista.<br \/>O que temos aqui \u00e9 um registro parcial e editado de um programa da R\u00e1dio USP, produzido e apresentado pelo radialista Omar Jubran, chamado &#8220;Olhar Brasileiro&#8221;. No programa ele faz um apanhado da carreira do artista e nos apresenta alguns de seus melhores momentos. Infelizmente a grava\u00e7\u00e3o do programa n\u00e3o estava completa, me parece que faltou mais um bloco, o final. Mesmo assim, temos quase uma hora de Luiz Claudio, que vale a pena ouvir.<br \/>Transformei a grava\u00e7\u00e3o cont\u00ednua em um &#8216;prot\u00f3tipo fonogr\u00e1fico&#8217;. Ela agora tem um formato de disco, com direito a capa e contracapa. Uma cria\u00e7\u00e3o exclusiva para os amigos do Toque Musical \ud83d\ude09 Como se tratava de uma grava\u00e7\u00e3o de r\u00e1dio e em baixa qualidade, resolvi tamb\u00e9m dar um &#8216;trato&#8217; no som e incluir \u00e0 parte uma outra vers\u00e3o do repert\u00f3rio, extra\u00eddo de vinil. Espero que voc\u00eas gostem&#8230; \ud83d\ude42<\/p>\n<div align=\"center\">poeira da saudade<\/div>\n<div align=\"center\">my funny valetine<\/div>\n<div align=\"center\">can\u00e7\u00e3o de amor<\/div>\n<div align=\"center\">estrada branca<\/div>\n<div align=\"center\">tenha pena de mim<\/div>\n<div align=\"center\">can\u00e7\u00e3o em dois tempos<\/div>\n<div align=\"center\">felicidade<\/div>\n<div align=\"center\">ol\u00ea ol\u00e1<\/div>\n<div align=\"center\">maninha<\/div>\n<div align=\"center\">a\u00ed que saudade da am\u00e9lia<\/div>\n<div align=\"center\">menina<\/div>\n<div align=\"center\">onde eu nasci passa um rio<\/div>\n<div align=\"center\"><\/div>\n<div align=\"center\"><\/div>\n<div align=\"center\"> <\/div>\n<div align=\"center\"> <\/div>\n","protected":false},"excerpt":{"rendered":"<p>Ol\u00e1 amigos cultos e ocultos! Eu tamb\u00e9m fa\u00e7o parte do grupo de discuss\u00e3o do cantor mineiro Luiz Cl\u00e1udio. Recentemente, algu\u00e9m por l\u00e1 enviou a grava\u00e7\u00e3o de um programa de r\u00e1dio dedicado ao artista. Embora n\u00e3o fosse um material in\u00e9dito, em &hellip; <a href=\"https:\/\/www.toque-musicall.com\/?p=742\">Continue lendo <span class=\"meta-nav\">&rarr;<\/span><\/a><\/p>\n","protected":false},"author":1,"featured_media":0,"comment_status":"open","ping_status":"closed","sticky":false,"template":"","format":"standard","meta":{"footnotes":""},"categories":[11,511,701],"tags":[],"class_list":["post-742","post","type-post","status-publish","format-standard","hentry","category-exclusivos-do-toque-musical","category-luiz-claudio","category-selo-toque-musical"],"_links":{"self":[{"href":"https:\/\/www.toque-musicall.com\/index.php?rest_route=\/wp\/v2\/posts\/742","targetHints":{"allow":["GET"]}}],"collection":[{"href":"https:\/\/www.toque-musicall.com\/index.php?rest_route=\/wp\/v2\/posts"}],"about":[{"href":"https:\/\/www.toque-musicall.com\/index.php?rest_route=\/wp\/v2\/types\/post"}],"author":[{"embeddable":true,"href":"https:\/\/www.toque-musicall.com\/index.php?rest_route=\/wp\/v2\/users\/1"}],"replies":[{"embeddable":true,"href":"https:\/\/www.toque-musicall.com\/index.php?rest_route=%2Fwp%2Fv2%2Fcomments&post=742"}],"version-history":[{"count":0,"href":"https:\/\/www.toque-musicall.com\/index.php?rest_route=\/wp\/v2\/posts\/742\/revisions"}],"wp:attachment":[{"href":"https:\/\/www.toque-musicall.com\/index.php?rest_route=%2Fwp%2Fv2%2Fmedia&parent=742"}],"wp:term":[{"taxonomy":"category","embeddable":true,"href":"https:\/\/www.toque-musicall.com\/index.php?rest_route=%2Fwp%2Fv2%2Fcategories&post=742"},{"taxonomy":"post_tag","embeddable":true,"href":"https:\/\/www.toque-musicall.com\/index.php?rest_route=%2Fwp%2Fv2%2Ftags&post=742"}],"curies":[{"name":"wp","href":"https:\/\/api.w.org\/{rel}","templated":true}]}}