{"id":7434,"date":"2020-05-12T18:15:00","date_gmt":"2020-05-12T21:15:00","guid":{"rendered":"http:\/\/www.toque-musicall.com\/?p=7434"},"modified":"2020-05-14T18:22:25","modified_gmt":"2020-05-14T21:22:25","slug":"paraguay-brasil-guarania-a-cancao-sem-fronteiras-1979","status":"publish","type":"post","link":"https:\/\/www.toque-musicall.com\/?p=7434","title":{"rendered":"Paraguay Brasil &#8211; Guar\u00e2nia A Can\u00e7\u00e3o Sem Fronteiras (1979)"},"content":{"rendered":"\n<figure class=\"wp-block-image size-large\"><img decoding=\"async\" src=\"https:\/\/1.bp.blogspot.com\/-zZLPbHepBWI\/XrzXaREUWII\/AAAAAAAARK8\/aOo-cBmMoLEbKeC2KBHHMMnWIk4RcUCEQCPcBGAYYCw\/s640\/Anota%25C3%25A7%25C3%25A3o%2B2020-05-13%2B194747.jpg\" alt=\"\"\/><\/figure>\n\n\n\n<figure class=\"wp-block-image size-large\"><img decoding=\"async\" src=\"https:\/\/1.bp.blogspot.com\/-4GlH1EMFkfM\/XrzXZ9hzZkI\/AAAAAAAARK4\/m9gS2bdnvzsnIeykUAzv-sg8RYILxAxJQCPcBGAYYCw\/s640\/Anota%25C3%25A7%25C3%25A3o%2B2020-05-13%2B195153.jpg\" alt=\"\"\/><\/figure>\n\n\n<div class=\"separator\">Boa noite, amigos cultos e ocultos! Temos hoje um disco especial, produ\u00e7\u00e3o n\u00e3o comercial e limitada, lan\u00e7ada no final dos anos 70. Um \u00e1lbum promocional criado como brinde comemorativo para a Itaipu Binacional, em seus cinco anos de atividades. Como podemos ver logo pelo t\u00edtulo e capa, o disco nos apresenta um g\u00eanero musical que est\u00e1 presente tanto no Brasil quanto no Paraguai, de onde se originou, a guar\u00e2nia. \u00c9 um trabalho caprichado, traz um encarte em forma de livreto com textos de Maur\u00edcio Cardoso Ocampo e Jos\u00e9 Ramos Tinhor\u00e3o, este \u00faltimo, um dos mais importantes pesquisadores da m\u00fasica brasileira, respons\u00e1vel pela produ\u00e7\u00e3o deste \u00e1lbum. Ta\u00ed, mais um disco que vale a pena conhecer. Confiram no GTM&#8230;<\/div>\n<div class=\"separator\">\u00a0<\/div>\n<div class=\"separator\">lejan\u00eda (meu primeiro amor) &#8211; ramon c\u00e1ceres<\/div>\n<div class=\"separator\">recuerdos de ypacara\u00ed &#8211; los indolatinos<\/div>\n<div class=\"separator\">\u00f1a ne arambojha &#8211; magno soler y su conjunto<\/div>\n<div class=\"separator\">mi dicha lejana &#8211; jorge c\u00e1cere e quinteto victoria<\/div>\n<div class=\"separator\">regalo de amor &#8211; los troveros de america<\/div>\n<div class=\"separator\">\u00edndia &#8211; los hermanos perez<\/div>\n<div class=\"separator\">moreninha de itaipu &#8211; carlos c\u00e9sar e ramon c\u00e1ceres<\/div>\n<div class=\"separator\">se for pra medir saudade &#8211; em\u00edlio escobar<\/div>\n<div class=\"separator\">felicidade &#8211; raul torres e flor\u00eancio<\/div>\n<div class=\"separator\">quero beijar-te as m\u00e3os &#8211; irm\u00e3s galv\u00e3o<\/div>\n<div class=\"separator\">guar\u00e2nia da lua nova &#8211; cascatinha e inhana<\/div>\n<div class=\"separator\">saudade &#8211; neneco norton<\/div>\n<div class=\"separator\">\u00a0<\/div>\n<div class=\"separator\">\u00a0<\/div>\n<div class=\"separator\">.<\/div>","protected":false},"excerpt":{"rendered":"<p>Boa noite, amigos cultos e ocultos! Temos hoje um disco especial, produ\u00e7\u00e3o n\u00e3o comercial e limitada, lan\u00e7ada no final dos anos 70. Um \u00e1lbum promocional criado como brinde comemorativo para a Itaipu Binacional, em seus cinco anos de atividades. Como &hellip; <a href=\"https:\/\/www.toque-musicall.com\/?p=7434\">Continue lendo <span class=\"meta-nav\">&rarr;<\/span><\/a><\/p>\n","protected":false},"author":1,"featured_media":0,"comment_status":"closed","ping_status":"closed","sticky":false,"template":"","format":"standard","meta":{"footnotes":""},"categories":[3644,25],"tags":[3643,3017],"class_list":["post-7434","post","type-post","status-publish","format-standard","hentry","category-paraguay-brasil-guarania","category-selo-independente","tag-paraguay-brasil-guarania","tag-selo-independente"],"_links":{"self":[{"href":"https:\/\/www.toque-musicall.com\/index.php?rest_route=\/wp\/v2\/posts\/7434","targetHints":{"allow":["GET"]}}],"collection":[{"href":"https:\/\/www.toque-musicall.com\/index.php?rest_route=\/wp\/v2\/posts"}],"about":[{"href":"https:\/\/www.toque-musicall.com\/index.php?rest_route=\/wp\/v2\/types\/post"}],"author":[{"embeddable":true,"href":"https:\/\/www.toque-musicall.com\/index.php?rest_route=\/wp\/v2\/users\/1"}],"replies":[{"embeddable":true,"href":"https:\/\/www.toque-musicall.com\/index.php?rest_route=%2Fwp%2Fv2%2Fcomments&post=7434"}],"version-history":[{"count":1,"href":"https:\/\/www.toque-musicall.com\/index.php?rest_route=\/wp\/v2\/posts\/7434\/revisions"}],"predecessor-version":[{"id":7435,"href":"https:\/\/www.toque-musicall.com\/index.php?rest_route=\/wp\/v2\/posts\/7434\/revisions\/7435"}],"wp:attachment":[{"href":"https:\/\/www.toque-musicall.com\/index.php?rest_route=%2Fwp%2Fv2%2Fmedia&parent=7434"}],"wp:term":[{"taxonomy":"category","embeddable":true,"href":"https:\/\/www.toque-musicall.com\/index.php?rest_route=%2Fwp%2Fv2%2Fcategories&post=7434"},{"taxonomy":"post_tag","embeddable":true,"href":"https:\/\/www.toque-musicall.com\/index.php?rest_route=%2Fwp%2Fv2%2Ftags&post=7434"}],"curies":[{"name":"wp","href":"https:\/\/api.w.org\/{rel}","templated":true}]}}