{"id":744,"date":"2010-08-22T16:50:00","date_gmt":"2010-08-22T16:50:00","guid":{"rendered":"http:\/\/www.toque-musicall.com\/?p=744"},"modified":"2010-08-22T16:50:00","modified_gmt":"2010-08-22T16:50:00","slug":"parada-5-1969","status":"publish","type":"post","link":"https:\/\/www.toque-musicall.com\/?p=744","title":{"rendered":"Parada 5 (1969)"},"content":{"rendered":"<p><a href=\"http:\/\/2.bp.blogspot.com\/_DSKVEvHtskc\/THFVjFS229I\/AAAAAAAAG7I\/cBNoPM1NVTk\/s1600\/parada+5+P.JPG\"><img decoding=\"async\" style=\"TEXT-ALIGN: center; MARGIN: 0px auto 10px; WIDTH: 399px; DISPLAY: block; HEIGHT: 400px; CURSOR: hand\" id=\"BLOGGER_PHOTO_ID_5508277880455879634\" border=\"0\" alt=\"\" src=\"http:\/\/2.bp.blogspot.com\/_DSKVEvHtskc\/THFVjFS229I\/AAAAAAAAG7I\/cBNoPM1NVTk\/s400\/parada+5+P.JPG\" \/><\/a> Mandando brasa no domingo, hoje n\u00f3s iremos com o conjunto Parada 5. Esta postagem n\u00e3o \u00e9 exatamente para atender pedidos, embora por in\u00fameras vezes j\u00e1 tenha sido solicitada. Resolvi post\u00e1-lo depois de confirmar que em outras fontes &#8216;a parada&#8217; j\u00e1 secou ou anda, em termos de qualidade, bem abaixo do esperado. Assim, para botar os pingos nos &#8216;is&#8217;, aqui vai a vers\u00e3o TM.<br \/>Para os que n\u00e3o sabem, o grupo Parada 5 \u00e9 uma dissid\u00eancia do The Pop&#8217;s. Depois da sa\u00edda do guitarrista J. C\u00e9sar, em 1967, para formar o grupo Os Populares, no ano seguinte foi a vez de S\u00edlvio, Valdir e Parada. Os tr\u00eas vieram a formar ent\u00e3o o Parada 5, liderados obviamente pelo baterista, Jos\u00e9 Henrique Parada. O grupo gravou apenas dois discos pelo selo Caravelle. Interessante saber que nessa \u00e9poca haviam o The Pop&#8217;s, agora apenas com o Pipo, Os Populares do J. C\u00e9sar e o Parada 5. Todos os tr\u00eas mantinham at\u00e9 ent\u00e3o uma sonoridade semelhante e instrumental. O Parada 5 chegou a ter seu disco lan\u00e7ado na Argentina e era apadrinhado pelo cantor Paulo S\u00e9rgio. Na d\u00e9cada de 70 o Parada 5 lan\u00e7ou seu segundo e \u00faltimo disco, este por sua vez n\u00e3o mais instrumental. Neste lp encontramos doze faixas instrumentais com temas de sucessos nacionais e internacionais variados. Em alguns aspectos e m\u00fasicas, pessoalmente, acho que o grupo supera o The Pop&#8217;s. Muito bom, confiram&#8230; \ud83d\ude09<\/p>\n<div align=\"center\">pout-pourri de sambas:<\/div>\n<div align=\"center\"><em>voc\u00ea passa eu acho gra\u00e7a \/ covarde \/ n\u00eaga do cabelo duro<\/em><\/div>\n<div align=\"center\"><em>pois \u00e9 \/ eu n\u00e3o tenho onde morar \/ am\u00e9lia<\/em><\/div>\n<div align=\"center\">sertaneja<\/div>\n<div align=\"center\">atr\u00e1s do trio el\u00e9trico<\/div>\n<div align=\"center\">storny<\/div>\n<div align=\"center\">que pena<\/div>\n<div align=\"center\">tema parada 5<\/div>\n<div align=\"center\">n\u00f4made<\/div>\n<div align=\"center\">sobe o c\u00e9u de paris<\/div>\n<div align=\"center\">la paloma<\/div>\n<div align=\"center\">mustang cor de sangue<\/div>\n<div align=\"center\">pout pourri internacional:<\/div>\n<div align=\"center\"><em>look for star \/ smile \/ fio de esperan\u00e7a<\/em><\/div>\n<div align=\"center\">never my love<\/div>\n<div align=\"center\"> <\/div>\n<div align=\"center\"> <\/div>\n","protected":false},"excerpt":{"rendered":"<p>Mandando brasa no domingo, hoje n\u00f3s iremos com o conjunto Parada 5. Esta postagem n\u00e3o \u00e9 exatamente para atender pedidos, embora por in\u00fameras vezes j\u00e1 tenha sido solicitada. Resolvi post\u00e1-lo depois de confirmar que em outras fontes &#8216;a parada&#8217; j\u00e1 &hellip; <a href=\"https:\/\/www.toque-musicall.com\/?p=744\">Continue lendo <span class=\"meta-nav\">&rarr;<\/span><\/a><\/p>\n","protected":false},"author":1,"featured_media":0,"comment_status":"open","ping_status":"closed","sticky":false,"template":"","format":"standard","meta":{"footnotes":""},"categories":[1053,381],"tags":[],"class_list":["post-744","post","type-post","status-publish","format-standard","hentry","category-parada-5","category-the-pops"],"_links":{"self":[{"href":"https:\/\/www.toque-musicall.com\/index.php?rest_route=\/wp\/v2\/posts\/744","targetHints":{"allow":["GET"]}}],"collection":[{"href":"https:\/\/www.toque-musicall.com\/index.php?rest_route=\/wp\/v2\/posts"}],"about":[{"href":"https:\/\/www.toque-musicall.com\/index.php?rest_route=\/wp\/v2\/types\/post"}],"author":[{"embeddable":true,"href":"https:\/\/www.toque-musicall.com\/index.php?rest_route=\/wp\/v2\/users\/1"}],"replies":[{"embeddable":true,"href":"https:\/\/www.toque-musicall.com\/index.php?rest_route=%2Fwp%2Fv2%2Fcomments&post=744"}],"version-history":[{"count":0,"href":"https:\/\/www.toque-musicall.com\/index.php?rest_route=\/wp\/v2\/posts\/744\/revisions"}],"wp:attachment":[{"href":"https:\/\/www.toque-musicall.com\/index.php?rest_route=%2Fwp%2Fv2%2Fmedia&parent=744"}],"wp:term":[{"taxonomy":"category","embeddable":true,"href":"https:\/\/www.toque-musicall.com\/index.php?rest_route=%2Fwp%2Fv2%2Fcategories&post=744"},{"taxonomy":"post_tag","embeddable":true,"href":"https:\/\/www.toque-musicall.com\/index.php?rest_route=%2Fwp%2Fv2%2Ftags&post=744"}],"curies":[{"name":"wp","href":"https:\/\/api.w.org\/{rel}","templated":true}]}}