{"id":7445,"date":"2020-05-16T19:45:22","date_gmt":"2020-05-16T22:45:22","guid":{"rendered":"http:\/\/www.toque-musicall.com\/?p=7445"},"modified":"2020-05-16T19:46:32","modified_gmt":"2020-05-16T22:46:32","slug":"ester-mazzi-explicacao-1989","status":"publish","type":"post","link":"https:\/\/www.toque-musicall.com\/?p=7445","title":{"rendered":"Ester Mazzi &#8211; Explica\u00e7\u00e3o (1989)"},"content":{"rendered":"\n<figure class=\"wp-block-image size-large\"><img decoding=\"async\" src=\"https:\/\/1.bp.blogspot.com\/-x3CQq6iqnLA\/XsBlPiG9mEI\/AAAAAAAARM0\/zfloU97aSrMc-MbAw7EyHcK4uGgUd-53QCLcBGAsYHQ\/s640\/Anota%25C3%25A7%25C3%25A3o%2B2020-05-16%2B192327.jpg\" alt=\"\"\/><\/figure>\n\n\n\n<figure class=\"wp-block-image size-large\"><img decoding=\"async\" src=\"https:\/\/1.bp.blogspot.com\/-yTO_OB-altI\/XsBlR2NJqKI\/AAAAAAAARM4\/7hkEaAaee74mE4RqmrjDtN9UrJDe-YNeQCLcBGAsYHQ\/s640\/Anota%25C3%25A7%25C3%25A3o%2B2020-05-16%2B192414.jpg\" alt=\"\"\/><\/figure>\n\n\n<p>Boa noite, amigos cultos e ocultos! Fazendo jus \u00e0s nossas tradi\u00e7\u00f5es de ter sempre aqui o que n\u00e3o se v\u00ea muito por a\u00ed, temos para hoje a cantora e compositora Ester Mazzi, artista de que teve sua forma\u00e7\u00e3o e base no Esp\u00edrito Santo, ou mais exatamente Vit\u00f3ria, onde vivia e era reconhecida como a &#8216;musa do jazz capixaba&#8217;. Ela nasceu em Nova Friburgo, RJ, mas ainda na inf\u00e2ncia mudou-se para o Esp\u00edrito Santo, o que a faz ser uma aut\u00eantica artista capixaba. Ao longo de sua carreira gravou uns cinco discos. &#8220;Explica\u00e7\u00e3o&#8221;, lp gravado de forma independente, foi seu primeiro trabalho lan\u00e7ado em 1989. \u00c9 um disco muito intimista com m\u00fasicas curtas, onde ela canta e toca acompanhada de apenas outro artista, Chrysio Rocha. Ester era dona de uma voz singular. Segundo contam, o Jo\u00e3o Gilberto dizia que ela era &#8216;a voz mais caliente do Brasil&#8217;. Infelizmente faleceu, aos 71 anos, em 2016.<br>N\u00e3o percam a chance de conhecer o trabalho desta artista, pois vale a pena. Confira no GTM&#8230;<\/p>\n<div>body &amp; soul<\/div>\n<div>i&#8217;ll remember april<\/div>\n<div>caso banal<\/div>\n<div>recifes harmoniais<\/div>\n<div>etc.<\/div>\n<div>ilhas do sul<\/div>\n<div>laura<\/div>\n<div>lover<\/div>\n<div>amar voc\u00ea<\/div>\n<div>explica\u00e7\u00e3o<\/div>\n<p><\/p>","protected":false},"excerpt":{"rendered":"<p>Boa noite, amigos cultos e ocultos! Fazendo jus \u00e0s nossas tradi\u00e7\u00f5es de ter sempre aqui o que n\u00e3o se v\u00ea muito por a\u00ed, temos para hoje a cantora e compositora Ester Mazzi, artista de que teve sua forma\u00e7\u00e3o e base &hellip; <a href=\"https:\/\/www.toque-musicall.com\/?p=7445\">Continue lendo <span class=\"meta-nav\">&rarr;<\/span><\/a><\/p>\n","protected":false},"author":1,"featured_media":0,"comment_status":"closed","ping_status":"closed","sticky":false,"template":"","format":"standard","meta":{"footnotes":""},"categories":[3648,25],"tags":[3649,3017],"class_list":["post-7445","post","type-post","status-publish","format-standard","hentry","category-ester-mazzi","category-selo-independente","tag-ester-mazzi","tag-selo-independente"],"_links":{"self":[{"href":"https:\/\/www.toque-musicall.com\/index.php?rest_route=\/wp\/v2\/posts\/7445","targetHints":{"allow":["GET"]}}],"collection":[{"href":"https:\/\/www.toque-musicall.com\/index.php?rest_route=\/wp\/v2\/posts"}],"about":[{"href":"https:\/\/www.toque-musicall.com\/index.php?rest_route=\/wp\/v2\/types\/post"}],"author":[{"embeddable":true,"href":"https:\/\/www.toque-musicall.com\/index.php?rest_route=\/wp\/v2\/users\/1"}],"replies":[{"embeddable":true,"href":"https:\/\/www.toque-musicall.com\/index.php?rest_route=%2Fwp%2Fv2%2Fcomments&post=7445"}],"version-history":[{"count":2,"href":"https:\/\/www.toque-musicall.com\/index.php?rest_route=\/wp\/v2\/posts\/7445\/revisions"}],"predecessor-version":[{"id":7447,"href":"https:\/\/www.toque-musicall.com\/index.php?rest_route=\/wp\/v2\/posts\/7445\/revisions\/7447"}],"wp:attachment":[{"href":"https:\/\/www.toque-musicall.com\/index.php?rest_route=%2Fwp%2Fv2%2Fmedia&parent=7445"}],"wp:term":[{"taxonomy":"category","embeddable":true,"href":"https:\/\/www.toque-musicall.com\/index.php?rest_route=%2Fwp%2Fv2%2Fcategories&post=7445"},{"taxonomy":"post_tag","embeddable":true,"href":"https:\/\/www.toque-musicall.com\/index.php?rest_route=%2Fwp%2Fv2%2Ftags&post=7445"}],"curies":[{"name":"wp","href":"https:\/\/api.w.org\/{rel}","templated":true}]}}