{"id":7449,"date":"2020-05-17T00:34:00","date_gmt":"2020-05-17T03:34:00","guid":{"rendered":"http:\/\/www.toque-musicall.com\/?p=7449"},"modified":"2020-05-19T00:36:16","modified_gmt":"2020-05-19T03:36:16","slug":"celeste-1983","status":"publish","type":"post","link":"https:\/\/www.toque-musicall.com\/?p=7449","title":{"rendered":"Celeste (1983)"},"content":{"rendered":"\n<figure class=\"wp-block-image size-large\"><img decoding=\"async\" src=\"https:\/\/1.bp.blogspot.com\/-5VaceXQ4BzE\/XsNCnPmguEI\/AAAAAAAARNc\/sQ8AMnvlNiIBsPw5MmYypusH-rWSa2E_ACLcBGAsYHQ\/s640\/Anota%25C3%25A7%25C3%25A3o%2B2020-05-18%2B232022.jpg\" alt=\"\"\/><\/figure>\n\n\n\n<figure class=\"wp-block-image size-large\"><img decoding=\"async\" src=\"https:\/\/1.bp.blogspot.com\/-N6lDfhjdb1Y\/XsNCmzPjPJI\/AAAAAAAARNY\/5z0GuBwuarwHioGS0iLAwPyBlhbMNeq7QCLcBGAsYHQ\/s640\/Anota%25C3%25A7%25C3%25A3o%2B2020-05-18%2B232301.jpg\" alt=\"\"\/><\/figure>\n\n\n<p>Boa noite prezados amigos cultos e ocultos! C\u00e1 estamos novamente com toque musical do dia. Hoje trazendo a cantora Celeste. Eis aqui uma artista que teve o seu destaque nos anos 70 e 80. Segundo as informa\u00e7\u00f5es que colhi, ela veio da Bahia, onde se apresentava em casas noturnas, de Salvador. Gravou seus dois primeiros disco ainda nos anos 70. Em 83 ela foi convidada pelo compositor Roberto M\u00e1rio a gravar este disco com suas composi\u00e7\u00f5es. Um trabalho no qual ela contou com o apoio de um time de m\u00fasicos de primeir\u00edssima, entre esses C\u00e9lia Vaz, respons\u00e1vel em boa parte tamb\u00e9m pelos arranjos e reg\u00eancias. As m\u00fasicas de Roberto M\u00e1rio e parceiros s\u00e3o muito bem interpretadas por Celeste. Sem d\u00favidas, um disco bacana e que vale conferir.<br \/>Uma curiosidade a parte&#8230; Procurando mais informa\u00e7\u00f5es sobre Celeste, me deparei com uma triste realidade. Algo realmente lament\u00e1vel. Espero at\u00e9 estar enganado, mas em minhas buscas sobre ela acabei chegando numa mulher que supostamente trocou a m\u00fasica pela ioga e em contraponto, pasmem, se tornou uma defensora de interven\u00e7\u00e3o militar e outras loucuras do universo bolsominion. Quem te viu e quem te v\u00ea, j\u00e1 dizia Regina Duarte, kkkk&#8230;<\/p>\n<div>no azul da manh\u00e3<\/div>\n<div>um pouquinho de compreens\u00e3o<\/div>\n<div>sou t\u00e3o feliz<\/div>\n<div>at\u00e9 que enfim<\/div>\n<div>vontade de viver<\/div>\n<div>\u00e9 gama\u00e7\u00e3o<\/div>\n<div>quanto sofre quem padece<\/div>\n<div>anjo lindo<\/div>\n<div>desencanto a mais<\/div>\n<div>gloria de amar<\/div>\n<div>deixa eu te amar<\/div>\n<div>sonho de amor<\/div>\n<p><br \/><br \/>.<\/p>","protected":false},"excerpt":{"rendered":"<p>Boa noite prezados amigos cultos e ocultos! C\u00e1 estamos novamente com toque musical do dia. Hoje trazendo a cantora Celeste. Eis aqui uma artista que teve o seu destaque nos anos 70 e 80. Segundo as informa\u00e7\u00f5es que colhi, ela &hellip; <a href=\"https:\/\/www.toque-musicall.com\/?p=7449\">Continue lendo <span class=\"meta-nav\">&rarr;<\/span><\/a><\/p>\n","protected":false},"author":1,"featured_media":0,"comment_status":"closed","ping_status":"closed","sticky":false,"template":"","format":"standard","meta":{"footnotes":""},"categories":[3651,3652],"tags":[3650],"class_list":["post-7449","post","type-post","status-publish","format-standard","hentry","category-celeste","category-selo-pentagrama","tag-celeste"],"_links":{"self":[{"href":"https:\/\/www.toque-musicall.com\/index.php?rest_route=\/wp\/v2\/posts\/7449","targetHints":{"allow":["GET"]}}],"collection":[{"href":"https:\/\/www.toque-musicall.com\/index.php?rest_route=\/wp\/v2\/posts"}],"about":[{"href":"https:\/\/www.toque-musicall.com\/index.php?rest_route=\/wp\/v2\/types\/post"}],"author":[{"embeddable":true,"href":"https:\/\/www.toque-musicall.com\/index.php?rest_route=\/wp\/v2\/users\/1"}],"replies":[{"embeddable":true,"href":"https:\/\/www.toque-musicall.com\/index.php?rest_route=%2Fwp%2Fv2%2Fcomments&post=7449"}],"version-history":[{"count":1,"href":"https:\/\/www.toque-musicall.com\/index.php?rest_route=\/wp\/v2\/posts\/7449\/revisions"}],"predecessor-version":[{"id":7450,"href":"https:\/\/www.toque-musicall.com\/index.php?rest_route=\/wp\/v2\/posts\/7449\/revisions\/7450"}],"wp:attachment":[{"href":"https:\/\/www.toque-musicall.com\/index.php?rest_route=%2Fwp%2Fv2%2Fmedia&parent=7449"}],"wp:term":[{"taxonomy":"category","embeddable":true,"href":"https:\/\/www.toque-musicall.com\/index.php?rest_route=%2Fwp%2Fv2%2Fcategories&post=7449"},{"taxonomy":"post_tag","embeddable":true,"href":"https:\/\/www.toque-musicall.com\/index.php?rest_route=%2Fwp%2Fv2%2Ftags&post=7449"}],"curies":[{"name":"wp","href":"https:\/\/api.w.org\/{rel}","templated":true}]}}