{"id":7453,"date":"2020-05-19T08:16:00","date_gmt":"2020-05-19T11:16:00","guid":{"rendered":"http:\/\/www.toque-musicall.com\/?p=7453"},"modified":"2020-05-21T08:20:16","modified_gmt":"2020-05-21T11:20:16","slug":"elizeth-cardoso-ary-amoroso-1989","status":"publish","type":"post","link":"https:\/\/www.toque-musicall.com\/?p=7453","title":{"rendered":"Elizeth Cardoso &#8211; Ary Amoroso (1989)"},"content":{"rendered":"\n<figure class=\"wp-block-image size-large\"><img decoding=\"async\" src=\"https:\/\/1.bp.blogspot.com\/-HWpvfDkmrQ8\/XsWdHhP-RuI\/AAAAAAAAROY\/LbAh6VLVW1sWugs5tX72hqQc8UaojKb1wCLcBGAsYHQ\/s640\/Anota%25C3%25A7%25C3%25A3o%2B2020-05-20%2B182757.jpg\" alt=\"\"\/><\/figure>\n\n\n\n<figure class=\"wp-block-image size-large\"><img decoding=\"async\" src=\"https:\/\/1.bp.blogspot.com\/-G5rg913hEO0\/XsWdHqL65oI\/AAAAAAAAROU\/HHCTpwVoG1QTNGVzSOsB6tO9yyDJqv4mACLcBGAsYHQ\/s640\/Anota%25C3%25A7%25C3%25A3o%2B2020-05-20%2B182832.jpg\" alt=\"\"\/><\/figure>\n\n\n<p>Muito boa noite, amigos cultos e ocultos! Hoje estou trazendo para voc\u00eas um disco bem bacana no qual temos em destaque duas grandes figuras: a cantora Elizeth Cardoso e o compositor Ary Barroso. Trata-se de um \u00e1lbum n\u00e3o comercial, de tiragem limitada, feito de encomenda para uma f\u00e1brica de m\u00f3veis presentear os seus clientes.(\u00e9poca das vacas gordas, lembram?). A produ\u00e7\u00e3o deste lp ficou a cargo de Herm\u00ednio Bello de Carvalho, o que faz este trabalho ser ainda mais especial. Elizeth mais uma vez brilha como nunca. Disc\u00e3o imperd\u00edvel. Confiram no GTM..<\/p>\n<div>inquieta\u00e7\u00e3o<\/div>\n<div>faixa de cetim<\/div>\n<div>na batucada da vida<\/div>\n<div>camisa amarela<\/div>\n<div>folhas mortas<\/div>\n<div>trapo de gente<\/div>\n<div>ocutei<\/div>\n<div>tu<\/div>\n<div>pra machucar meu cora\u00e7\u00e3o<\/div>\n<div>por causa desta cab\u00f4ca<\/div>\n<div>no rancho fundo<\/div>\n<div>caco velho<\/div>\n<div>as tr\u00eas l\u00e1grimas<\/div>\n<div>inquieta\u00e7\u00e3o<\/div>\n<div>\u00a0<\/div>\n<p>.<\/p>","protected":false},"excerpt":{"rendered":"<p>Muito boa noite, amigos cultos e ocultos! Hoje estou trazendo para voc\u00eas um disco bem bacana no qual temos em destaque duas grandes figuras: a cantora Elizeth Cardoso e o compositor Ary Barroso. Trata-se de um \u00e1lbum n\u00e3o comercial, de &hellip; <a href=\"https:\/\/www.toque-musicall.com\/?p=7453\">Continue lendo <span class=\"meta-nav\">&rarr;<\/span><\/a><\/p>\n","protected":false},"author":1,"featured_media":0,"comment_status":"closed","ping_status":"closed","sticky":false,"template":"","format":"standard","meta":{"footnotes":""},"categories":[1047,248,25],"tags":[3494,3562,3017],"class_list":["post-7453","post","type-post","status-publish","format-standard","hentry","category-ary-barroso","category-elizeth-cardoso","category-selo-independente","tag-ary-barroso","tag-elizeth-cardoso","tag-selo-independente"],"_links":{"self":[{"href":"https:\/\/www.toque-musicall.com\/index.php?rest_route=\/wp\/v2\/posts\/7453","targetHints":{"allow":["GET"]}}],"collection":[{"href":"https:\/\/www.toque-musicall.com\/index.php?rest_route=\/wp\/v2\/posts"}],"about":[{"href":"https:\/\/www.toque-musicall.com\/index.php?rest_route=\/wp\/v2\/types\/post"}],"author":[{"embeddable":true,"href":"https:\/\/www.toque-musicall.com\/index.php?rest_route=\/wp\/v2\/users\/1"}],"replies":[{"embeddable":true,"href":"https:\/\/www.toque-musicall.com\/index.php?rest_route=%2Fwp%2Fv2%2Fcomments&post=7453"}],"version-history":[{"count":1,"href":"https:\/\/www.toque-musicall.com\/index.php?rest_route=\/wp\/v2\/posts\/7453\/revisions"}],"predecessor-version":[{"id":7454,"href":"https:\/\/www.toque-musicall.com\/index.php?rest_route=\/wp\/v2\/posts\/7453\/revisions\/7454"}],"wp:attachment":[{"href":"https:\/\/www.toque-musicall.com\/index.php?rest_route=%2Fwp%2Fv2%2Fmedia&parent=7453"}],"wp:term":[{"taxonomy":"category","embeddable":true,"href":"https:\/\/www.toque-musicall.com\/index.php?rest_route=%2Fwp%2Fv2%2Fcategories&post=7453"},{"taxonomy":"post_tag","embeddable":true,"href":"https:\/\/www.toque-musicall.com\/index.php?rest_route=%2Fwp%2Fv2%2Ftags&post=7453"}],"curies":[{"name":"wp","href":"https:\/\/api.w.org\/{rel}","templated":true}]}}