{"id":7455,"date":"2020-05-20T08:20:00","date_gmt":"2020-05-20T11:20:00","guid":{"rendered":"http:\/\/www.toque-musicall.com\/?p=7455"},"modified":"2020-05-21T08:52:30","modified_gmt":"2020-05-21T11:52:30","slug":"dona-ivone-lara-sorriso-negro-1981","status":"publish","type":"post","link":"https:\/\/www.toque-musicall.com\/?p=7455","title":{"rendered":"Dona Ivone Lara &#8211; Sorriso Negro (1981)"},"content":{"rendered":"\n<figure class=\"wp-block-image size-large\"><img decoding=\"async\" src=\"https:\/\/1.bp.blogspot.com\/-x4ygfCg_Ab4\/XsSdUqWCFTI\/AAAAAAAAROA\/HhfNOIeHKAg9rewlRYNXuzFyEzGwIjljgCLcBGAsYHQ\/s640\/Anota%25C3%25A7%25C3%25A3o%2B2020-05-19%2B175511.jpg\" alt=\"\"\/><\/figure>\n\n\n\n<figure class=\"wp-block-image size-large\"><img decoding=\"async\" src=\"https:\/\/1.bp.blogspot.com\/-JwnJs68rl6s\/XsSdVlFKQ0I\/AAAAAAAAROE\/uM-7piijs0Q60XfjNXPb3bZUioOWiFLUQCLcBGAsYHQ\/s640\/Anota%25C3%25A7%25C3%25A3o%2B2020-05-19%2B175412.jpg\" alt=\"\"\/><\/figure>\n\n\n<div class=\"separator\">Boa noite, amigos cultos e ocultos! Como j\u00e1 deve ter dado para perceber temos agora mais uma op\u00e7\u00e3o\/alternativa de link no GTM para nossas postagens. Ativei a conta do Mediafire, ainda em fase de teste. Vamos ver como ele se comporta.<\/div>\n<div class=\"separator\">E aqui temos hoje Dona Ivone Lara, uma das importantes figuras femininas do samba carioca. Cantora, compositora e instrumentista. Foi a primeira mulher a integrar a ala de compositores de uma escola de samba. Iniciou na m\u00fasica e mais exatamente no samba ainda mocinha, l\u00e1 pela d\u00e9cada de 40, mas seu nome come\u00e7ou mesmo a se destacar a partir dos anos 60 quando passa a integrar a Escola de Samba Imp\u00e9rio Serrano. Comp\u00f4s muitos sambas, sempre ligada ao esp\u00edrito carnavalesco, participou de in\u00fameras rodas de samba e passou a ser mais conhecida quando fez parte das rodas de samba no Teatro Opini\u00e3o. Por\u00e9m, foi na d\u00e9cada de 70 que ela adota o nome art\u00edstico de Dona Ivone Lara e passa a atuar profissionalmente, fazendo show e participando de diversas grava\u00e7\u00f5es. &#8220;Sorriso Negro&#8221; foi seu terceiro \u00e1lbum solo. Um disco produzido pelo S\u00e9rgio Cabral (o pai!) e arranjos e reg\u00eancias de Rosinha de Valen\u00e7a e tamb\u00e9m de H\u00e9lvius Vilela. Conta com as participa\u00e7\u00f5es especial de Jorge Benjor e Maria Beth\u00e2nia, al\u00e9m de outros m\u00fasicos e sambistas de renome. O repert\u00f3rio \u00e9 praticamente todo autoral, lembrando que muitas dessas m\u00fasicas s\u00e3o em parceria com outros compositores. Ela geralmente era a compositora das m\u00fasicas enquanto os parceiros, de letras. Neste disco temos, inclusive, a regrava\u00e7\u00e3o de seu primeiro samba enredo, &#8220;Os cinco bailes da hist\u00f3ria do Rio&#8221;, uma parceria dela com Silas de Oliveira e Bacalhau. Penso ser este um dos seus melhores discos e convido os amigos para o ouvirem tamb\u00e9m. Confira o link no GTM.<\/div>\n<div class=\"separator\">\u00a0<\/div>\n<div class=\"separator\">a sereia guiomar<\/div>\n<div class=\"separator\">de bra\u00e7os com a felicidade<\/div>\n<div class=\"separator\">algu\u00e9m em avisou<\/div>\n<div class=\"separator\">unhas<\/div>\n<div class=\"separator\">me deixa ficar<\/div>\n<div class=\"separator\">nunca mais<\/div>\n<div class=\"separator\">sorriso negro<\/div>\n<div class=\"separator\">adeus de um poeta<\/div>\n<div class=\"separator\">os cinco bailes da hist\u00f3ria do rio<\/div>\n<div class=\"separator\">meu fim de carnaval n\u00e3o foi t\u00e3o ruim<\/div>\n<div class=\"separator\">tend\u00eancia<\/div>\n<div class=\"separator\">ax\u00e9 de ianga (pai maior)<\/div>\n<div class=\"separator\">\u00a0<\/div>\n<p>\u00a0<\/p>\n<div>.<\/div>","protected":false},"excerpt":{"rendered":"<p>Boa noite, amigos cultos e ocultos! Como j\u00e1 deve ter dado para perceber temos agora mais uma op\u00e7\u00e3o\/alternativa de link no GTM para nossas postagens. Ativei a conta do Mediafire, ainda em fase de teste. Vamos ver como ele se &hellip; <a href=\"https:\/\/www.toque-musicall.com\/?p=7455\">Continue lendo <span class=\"meta-nav\">&rarr;<\/span><\/a><\/p>\n","protected":false},"author":1,"featured_media":0,"comment_status":"closed","ping_status":"closed","sticky":false,"template":"","format":"standard","meta":{"footnotes":""},"categories":[1089,578],"tags":[3656,3065],"class_list":["post-7455","post","type-post","status-publish","format-standard","hentry","category-dona-ivone-lara","category-selo-atlantic","tag-dona-ivone-lara","tag-selo-atlantic"],"_links":{"self":[{"href":"https:\/\/www.toque-musicall.com\/index.php?rest_route=\/wp\/v2\/posts\/7455","targetHints":{"allow":["GET"]}}],"collection":[{"href":"https:\/\/www.toque-musicall.com\/index.php?rest_route=\/wp\/v2\/posts"}],"about":[{"href":"https:\/\/www.toque-musicall.com\/index.php?rest_route=\/wp\/v2\/types\/post"}],"author":[{"embeddable":true,"href":"https:\/\/www.toque-musicall.com\/index.php?rest_route=\/wp\/v2\/users\/1"}],"replies":[{"embeddable":true,"href":"https:\/\/www.toque-musicall.com\/index.php?rest_route=%2Fwp%2Fv2%2Fcomments&post=7455"}],"version-history":[{"count":1,"href":"https:\/\/www.toque-musicall.com\/index.php?rest_route=\/wp\/v2\/posts\/7455\/revisions"}],"predecessor-version":[{"id":7456,"href":"https:\/\/www.toque-musicall.com\/index.php?rest_route=\/wp\/v2\/posts\/7455\/revisions\/7456"}],"wp:attachment":[{"href":"https:\/\/www.toque-musicall.com\/index.php?rest_route=%2Fwp%2Fv2%2Fmedia&parent=7455"}],"wp:term":[{"taxonomy":"category","embeddable":true,"href":"https:\/\/www.toque-musicall.com\/index.php?rest_route=%2Fwp%2Fv2%2Fcategories&post=7455"},{"taxonomy":"post_tag","embeddable":true,"href":"https:\/\/www.toque-musicall.com\/index.php?rest_route=%2Fwp%2Fv2%2Ftags&post=7455"}],"curies":[{"name":"wp","href":"https:\/\/api.w.org\/{rel}","templated":true}]}}