{"id":7459,"date":"2020-05-21T16:52:00","date_gmt":"2020-05-21T19:52:00","guid":{"rendered":"http:\/\/www.toque-musicall.com\/?p=7459"},"modified":"2020-05-23T16:57:24","modified_gmt":"2020-05-23T19:57:24","slug":"joyce-saudade-do-futuro-1985","status":"publish","type":"post","link":"https:\/\/www.toque-musicall.com\/?p=7459","title":{"rendered":"Joyce &#8211; Saudade Do Futuro (1985)"},"content":{"rendered":"\n<figure class=\"wp-block-image size-large\"><img decoding=\"async\" src=\"https:\/\/1.bp.blogspot.com\/-UY7hx-3_lK0\/XsldzegwnqI\/AAAAAAAAROw\/6rEcCHRsrKYLNHeF04SfS23mK2HI3ZI5gCLcBGAsYHQ\/s640\/Anota%25C3%25A7%25C3%25A3o%2B2020-05-23%2B144808.jpg\" alt=\"\"\/><\/figure>\n\n\n\n<figure class=\"wp-block-image size-large\"><img decoding=\"async\" src=\"https:\/\/1.bp.blogspot.com\/-up0AiCpvxqo\/Xsldyyv8cdI\/AAAAAAAAROs\/T4d48xiAj0QUmV1VU8ak49GcHqyJif73ACLcBGAsYHQ\/s640\/Anota%25C3%25A7%25C3%25A3o%2B2020-05-23%2B144901.jpg\" alt=\"\"\/><\/figure>\n\n\n<p>Ol\u00e1 amiguinhos cultos e ocultos, boa tarde! Eis que mais uma vez trazemos aqui um disco da cantora e compositora Joyce. Trazemos hoje um \u00e1lbum que ela gravou em 1985, pelo selo Pointer. &#8220;Saudade do Futuro&#8221; foi seu d\u00e9cimo lp solo, mas em sua discografia existem outros discos e compactos em que ela participou. Nessa \u00e9poca, anos 80, ela j\u00e1 era uma artista consagrada, inclusive internacionalmente.<br \/>Neste lp quase todas as faixas s\u00e3o de sua autoria. Neste disco temos, por exemplo, &#8220;Velhos no Ano 2000&#8221;, uma bela vers\u00e3o para &#8220;When I&#8217;m 64&#8221;, de Lennon e McCartney; &#8220;Tema para Jobim&#8221;, uma composi\u00e7\u00e3o dela com o lend\u00e1rio saxofonista americano Gerry Mulligan. Participam do disco um time de grandes artistas e em especial, Milton Nascimento, em &#8220;Tema para Jobim&#8221;. Os arranjos e reg\u00eancias s\u00e3o de Gilson Peranzzetta. Um bom trabalho que vale a pena conhecer. Confiram no GTM&#8230;<\/p>\n<div>velhos nos ano 2000<\/div>\n<div>cortina de bamb\u00fa<\/div>\n<div>sonora garoa<\/div>\n<div>tr\u00eas apitos<\/div>\n<div>tema para jobim<\/div>\n<div>stone washed<\/div>\n<div>povo das estrelas<\/div>\n<div>peixe estrela<\/div>\n<div>f\u00e3 da bahia<\/div>\n<div>minha gata rita lee<\/div>\n<div>quadrantes<\/div>\n<div>ziriguidum 2001<\/div>\n<div>\u00a0<\/div>","protected":false},"excerpt":{"rendered":"<p>Ol\u00e1 amiguinhos cultos e ocultos, boa tarde! Eis que mais uma vez trazemos aqui um disco da cantora e compositora Joyce. Trazemos hoje um \u00e1lbum que ela gravou em 1985, pelo selo Pointer. &#8220;Saudade do Futuro&#8221; foi seu d\u00e9cimo lp &hellip; <a href=\"https:\/\/www.toque-musicall.com\/?p=7459\">Continue lendo <span class=\"meta-nav\">&rarr;<\/span><\/a><\/p>\n","protected":false},"author":1,"featured_media":0,"comment_status":"closed","ping_status":"closed","sticky":false,"template":"","format":"standard","meta":{"footnotes":""},"categories":[950,490],"tags":[3188,3145],"class_list":["post-7459","post","type-post","status-publish","format-standard","hentry","category-joyce","category-selo-pointer","tag-joyce","tag-selo-pointer"],"_links":{"self":[{"href":"https:\/\/www.toque-musicall.com\/index.php?rest_route=\/wp\/v2\/posts\/7459","targetHints":{"allow":["GET"]}}],"collection":[{"href":"https:\/\/www.toque-musicall.com\/index.php?rest_route=\/wp\/v2\/posts"}],"about":[{"href":"https:\/\/www.toque-musicall.com\/index.php?rest_route=\/wp\/v2\/types\/post"}],"author":[{"embeddable":true,"href":"https:\/\/www.toque-musicall.com\/index.php?rest_route=\/wp\/v2\/users\/1"}],"replies":[{"embeddable":true,"href":"https:\/\/www.toque-musicall.com\/index.php?rest_route=%2Fwp%2Fv2%2Fcomments&post=7459"}],"version-history":[{"count":1,"href":"https:\/\/www.toque-musicall.com\/index.php?rest_route=\/wp\/v2\/posts\/7459\/revisions"}],"predecessor-version":[{"id":7460,"href":"https:\/\/www.toque-musicall.com\/index.php?rest_route=\/wp\/v2\/posts\/7459\/revisions\/7460"}],"wp:attachment":[{"href":"https:\/\/www.toque-musicall.com\/index.php?rest_route=%2Fwp%2Fv2%2Fmedia&parent=7459"}],"wp:term":[{"taxonomy":"category","embeddable":true,"href":"https:\/\/www.toque-musicall.com\/index.php?rest_route=%2Fwp%2Fv2%2Fcategories&post=7459"},{"taxonomy":"post_tag","embeddable":true,"href":"https:\/\/www.toque-musicall.com\/index.php?rest_route=%2Fwp%2Fv2%2Ftags&post=7459"}],"curies":[{"name":"wp","href":"https:\/\/api.w.org\/{rel}","templated":true}]}}