{"id":7461,"date":"2020-05-22T19:30:00","date_gmt":"2020-05-22T22:30:00","guid":{"rendered":"http:\/\/www.toque-musicall.com\/?p=7461"},"modified":"2020-05-23T19:32:45","modified_gmt":"2020-05-23T22:32:45","slug":"fatima-regina-ventos-a-favor-1990","status":"publish","type":"post","link":"https:\/\/www.toque-musicall.com\/?p=7461","title":{"rendered":"F\u00e1tima Regina &#8211; Ventos A Favor (1990)"},"content":{"rendered":"\n<figure class=\"wp-block-image size-large\"><img decoding=\"async\" src=\"https:\/\/1.bp.blogspot.com\/-CE5CyeR_vs8\/Xsl2T-hwthI\/AAAAAAAARPE\/1hUaIt0xLtkUaMSJQpr8C_6lUoH7_TNKACLcBGAsYHQ\/s640\/Anota%25C3%25A7%25C3%25A3o%2B2020-05-23%2B152801.jpg\" alt=\"\"\/><\/figure>\n\n\n\n<figure class=\"wp-block-image size-large\"><img decoding=\"async\" src=\"https:\/\/1.bp.blogspot.com\/-m-Aa3cC0LSc\/Xsl2TZ0-7fI\/AAAAAAAARPA\/uWBKv9HKGf8ar7d7EjN5G5RRkyTmyLEOACLcBGAsYHQ\/s640\/Anota%25C3%25A7%25C3%25A3o%2B2020-05-23%2B152841.jpg\" alt=\"\"\/><\/figure>\n\n\n<p>Bom dia, amigos cultos e ocultos! Dando sequ\u00eancia em nossa mostra vocal feminino, temos para hoje a cantora e compositora F\u00e1tima Regina. Ela nasceu em Niter\u00f3i, mas iniciou sua carreira musical nos anos 70, quando ent\u00e3o residia no sul do pa\u00eds. Seu primeiro trabalho fonogr\u00e1fico surgiu num compacto gravado em 1974 e trazendo composi\u00e7\u00f5es sua e em parceria com Kedir Ramil. Mas foi s\u00f3 em 1978 que ela resolve assumir profissionalmente a carreira art\u00edstica, participando de diversos espet\u00e1culos e tamb\u00e9m gravando em est\u00fadio. Foi &#8216;backing vocal&#8217; na banda que acompanhava Roberto Carlos, trabalhou na \u00e1rea de publicidade e tamb\u00e9m apresentou programa musical na TV Educativa. Seu primeiro lp veio em 1988, o &#8220;Velas ao vento&#8221;, com m\u00fasicas do compositor Marco Aur\u00e9lio. Acompanhou o cantor americano, Billy Paul quando este esteve se apresentando no Brasil e teve sua composi\u00e7\u00e3o, em parceria com A\u00e9cio Fl\u00e1vio, &#8220;My great emotion&#8221;, gravada por ele. Essa m\u00fasica, inclusive, est\u00e1 presente neste disco, &#8220;Ventos a favor&#8221;, lan\u00e7ado por ela em 1990. Este \u00e1lbum foi produzido por Roberto Menescal e traz tamb\u00e9m composi\u00e7\u00f5es pr\u00f3prias e parcerias, al\u00e9m de can\u00e7\u00f5es de Tom Jobim, Ivan Lins, Cl\u00e1udio Cartier e outros. De l\u00e1 pra c\u00e1 tem feito muitos outros trabalhos e tamb\u00e9m continua gravando. Uma bela voz que vale a pena o nosso toque musical. N\u00e3o deixem de conferir no GTM&#8230;<\/p>\n<div>fim de festa<\/div>\n<div>lembran\u00e7a<\/div>\n<div>suave feiti\u00e7o<\/div>\n<div>my great emotion<\/div>\n<div>dindi<\/div>\n<div>ventos a favor<\/div>\n<div>zigzagueou<\/div>\n<div>nova viagem<\/div>\n<div>sete chaves<\/div>\n<div>mel poejo<\/div>\n<p>.<\/p>","protected":false},"excerpt":{"rendered":"<p>Bom dia, amigos cultos e ocultos! Dando sequ\u00eancia em nossa mostra vocal feminino, temos para hoje a cantora e compositora F\u00e1tima Regina. Ela nasceu em Niter\u00f3i, mas iniciou sua carreira musical nos anos 70, quando ent\u00e3o residia no sul do &hellip; <a href=\"https:\/\/www.toque-musicall.com\/?p=7461\">Continue lendo <span class=\"meta-nav\">&rarr;<\/span><\/a><\/p>\n","protected":false},"author":1,"featured_media":0,"comment_status":"closed","ping_status":"closed","sticky":false,"template":"","format":"standard","meta":{"footnotes":""},"categories":[3657,1375,3658,25],"tags":[],"class_list":["post-7461","post","type-post","status-publish","format-standard","hentry","category-fatima-regina","category-leila-pinheiro","category-selo-fama","category-selo-independente"],"_links":{"self":[{"href":"https:\/\/www.toque-musicall.com\/index.php?rest_route=\/wp\/v2\/posts\/7461","targetHints":{"allow":["GET"]}}],"collection":[{"href":"https:\/\/www.toque-musicall.com\/index.php?rest_route=\/wp\/v2\/posts"}],"about":[{"href":"https:\/\/www.toque-musicall.com\/index.php?rest_route=\/wp\/v2\/types\/post"}],"author":[{"embeddable":true,"href":"https:\/\/www.toque-musicall.com\/index.php?rest_route=\/wp\/v2\/users\/1"}],"replies":[{"embeddable":true,"href":"https:\/\/www.toque-musicall.com\/index.php?rest_route=%2Fwp%2Fv2%2Fcomments&post=7461"}],"version-history":[{"count":2,"href":"https:\/\/www.toque-musicall.com\/index.php?rest_route=\/wp\/v2\/posts\/7461\/revisions"}],"predecessor-version":[{"id":7463,"href":"https:\/\/www.toque-musicall.com\/index.php?rest_route=\/wp\/v2\/posts\/7461\/revisions\/7463"}],"wp:attachment":[{"href":"https:\/\/www.toque-musicall.com\/index.php?rest_route=%2Fwp%2Fv2%2Fmedia&parent=7461"}],"wp:term":[{"taxonomy":"category","embeddable":true,"href":"https:\/\/www.toque-musicall.com\/index.php?rest_route=%2Fwp%2Fv2%2Fcategories&post=7461"},{"taxonomy":"post_tag","embeddable":true,"href":"https:\/\/www.toque-musicall.com\/index.php?rest_route=%2Fwp%2Fv2%2Ftags&post=7461"}],"curies":[{"name":"wp","href":"https:\/\/api.w.org\/{rel}","templated":true}]}}