{"id":7493,"date":"2020-06-01T21:29:00","date_gmt":"2020-06-02T00:29:00","guid":{"rendered":"http:\/\/www.toque-musicall.com\/?p=7493"},"modified":"2020-06-03T21:41:16","modified_gmt":"2020-06-04T00:41:16","slug":"tete-espindola-pirareta-1980","status":"publish","type":"post","link":"https:\/\/www.toque-musicall.com\/?p=7493","title":{"rendered":"Tet\u00ea Esp\u00edndola &#8211; Piraret\u00e3 (1980)"},"content":{"rendered":"\n<figure class=\"wp-block-image size-large\"><img decoding=\"async\" src=\"https:\/\/1.bp.blogspot.com\/-wkoJLsvQqvg\/XtfsepccijI\/AAAAAAAART4\/BAPVD_QwKOIDGPoO8GEGdFx-5Q7gZolTACLcBGAsYHQ\/s640\/Anota%25C3%25A7%25C3%25A3o%2B2020-06-03%2B154614.jpg\" alt=\"\"\/><\/figure>\n\n\n\n<figure class=\"wp-block-image size-large\"><img decoding=\"async\" src=\"https:\/\/1.bp.blogspot.com\/-qjg-LCIqDMQ\/Xtfseviu_iI\/AAAAAAAART0\/aTDse9IOQ7E_QUib3F-vhXnCBVSabd3IgCLcBGAsYHQ\/s640\/Anota%25C3%25A7%25C3%25A3o%2B2020-06-03%2B154434.jpg\" alt=\"\"\/><\/figure>\n\n\n<p>Ol\u00e1, amigos cultos e ocultos, boa tarde! Nosso encontro de hoje \u00e9 com a Tet\u00ea Esp\u00edndola, uma das cantoras da minha gera\u00e7\u00e3o que eu mais gosto. Ali\u00e1s, cantora \u00e9 pouco, ela \u00e9 uma tremenda artista, compositora e multi-instrumentista, dona de uma voz \u00fanica, uma verdadeira &#8216;mulher-p\u00e1ssaro&#8217; que faz qualquer outro se calar para ouvi-la. Aqui temos dela o que podemos considerar como sendo o seu primeiro \u00e1lbum solo. Ela j\u00e1 havia gravado anteriormente um disco com o grupo L\u00edrio Selvagem, que eram antes membros do grupo Lua Azul, no qual Tet\u00ea tamb\u00e9m fazia parte. Mas foi em 80 que ela grava pela Philips este seu maravilhoso &#8220;Piraret\u00e3&#8221;. Um trabalho realmente muito lindo, quase todo ac\u00fastico e cheio de um regionalismo que vai al\u00e9m do seu pantanal. Al\u00e9m de m\u00fasicas pr\u00f3prias, em parcerias como os irm\u00e3os, ela tamb\u00e9m interpreta m\u00fasicas de Arrigo e Paulo Barnab\u00e9 (Tamarana); Gilberto Gil (Refazenda); Chico e Milton Nascimento (O Cio da Terra); Ti\u00e3o Carreiro (Matogrossense) e cabe at\u00e9 uma vers\u00e3o de Carlos Renn\u00f3 (Melro) para o &#8220;Black Bird&#8221;, de Lennon e McCartney. Sem d\u00favida, um disco especial que anunciava o surgimento de uma grande cantora. &#8220;Piraret\u00e3&#8221; \u00e9 lindo e mais que nunca merece o nosso toque musical. Confiram no GTM&#8230;<\/p>\n<div>piraret\u00e3<\/div>\n<div>cunhataipor\u00e3<\/div>\n<div>refazenda<\/div>\n<div>rosa em pedra dura<\/div>\n<div>melro<\/div>\n<div>tamarana<\/div>\n<div>o cio da terra<\/div>\n<div>vida cigana<\/div>\n<div>beija-flor<\/div>\n<div>viver junto<\/div>\n<div>matogrossense<\/div>\n<div>aratarda<\/div>\n<p>.<\/p>","protected":false},"excerpt":{"rendered":"<p>Ol\u00e1, amigos cultos e ocultos, boa tarde! Nosso encontro de hoje \u00e9 com a Tet\u00ea Esp\u00edndola, uma das cantoras da minha gera\u00e7\u00e3o que eu mais gosto. Ali\u00e1s, cantora \u00e9 pouco, ela \u00e9 uma tremenda artista, compositora e multi-instrumentista, dona de &hellip; <a href=\"https:\/\/www.toque-musicall.com\/?p=7493\">Continue lendo <span class=\"meta-nav\">&rarr;<\/span><\/a><\/p>\n","protected":false},"author":1,"featured_media":0,"comment_status":"closed","ping_status":"closed","sticky":false,"template":"","format":"standard","meta":{"footnotes":""},"categories":[48,3674],"tags":[3012],"class_list":["post-7493","post","type-post","status-publish","format-standard","hentry","category-selo-philips","category-tete-espindola-2","tag-selo-philips"],"_links":{"self":[{"href":"https:\/\/www.toque-musicall.com\/index.php?rest_route=\/wp\/v2\/posts\/7493","targetHints":{"allow":["GET"]}}],"collection":[{"href":"https:\/\/www.toque-musicall.com\/index.php?rest_route=\/wp\/v2\/posts"}],"about":[{"href":"https:\/\/www.toque-musicall.com\/index.php?rest_route=\/wp\/v2\/types\/post"}],"author":[{"embeddable":true,"href":"https:\/\/www.toque-musicall.com\/index.php?rest_route=\/wp\/v2\/users\/1"}],"replies":[{"embeddable":true,"href":"https:\/\/www.toque-musicall.com\/index.php?rest_route=%2Fwp%2Fv2%2Fcomments&post=7493"}],"version-history":[{"count":3,"href":"https:\/\/www.toque-musicall.com\/index.php?rest_route=\/wp\/v2\/posts\/7493\/revisions"}],"predecessor-version":[{"id":7498,"href":"https:\/\/www.toque-musicall.com\/index.php?rest_route=\/wp\/v2\/posts\/7493\/revisions\/7498"}],"wp:attachment":[{"href":"https:\/\/www.toque-musicall.com\/index.php?rest_route=%2Fwp%2Fv2%2Fmedia&parent=7493"}],"wp:term":[{"taxonomy":"category","embeddable":true,"href":"https:\/\/www.toque-musicall.com\/index.php?rest_route=%2Fwp%2Fv2%2Fcategories&post=7493"},{"taxonomy":"post_tag","embeddable":true,"href":"https:\/\/www.toque-musicall.com\/index.php?rest_route=%2Fwp%2Fv2%2Ftags&post=7493"}],"curies":[{"name":"wp","href":"https:\/\/api.w.org\/{rel}","templated":true}]}}