{"id":7502,"date":"2020-06-04T17:34:00","date_gmt":"2020-06-04T20:34:00","guid":{"rendered":"http:\/\/www.toque-musicall.com\/?p=7502"},"modified":"2020-06-07T17:37:13","modified_gmt":"2020-06-07T20:37:13","slug":"carmem-miranda-south-american-way-1979","status":"publish","type":"post","link":"https:\/\/www.toque-musicall.com\/?p=7502","title":{"rendered":"Carmem Miranda &#8211; South American Way (1979)"},"content":{"rendered":"\n<figure class=\"wp-block-image size-large\"><img decoding=\"async\" src=\"https:\/\/1.bp.blogspot.com\/-3-Dlol_TDak\/XtxSfznByOI\/AAAAAAAARU4\/gha_O9Nyk3gZkKYwujeKzpzRBbmizpfHACLcBGAsYHQ\/s640\/Anota%25C3%25A7%25C3%25A3o%2B2020-06-06%2B230337.jpg\" alt=\"\"\/><\/figure>\n\n\n\n<figure class=\"wp-block-image size-large\"><img decoding=\"async\" src=\"https:\/\/1.bp.blogspot.com\/-T92iwmZuN_g\/XtxSgEfM7JI\/AAAAAAAARU8\/HH1JRDlnFcQVE2RuPTZ-_Llo7SxBYEWagCLcBGAsYHQ\/s640\/Anota%25C3%25A7%25C3%25A3o%2B2020-06-06%2B230411.jpg\" alt=\"\"\/><\/figure>\n\n\n<div>Boa tarde, amigos cultos e ocultos! Seguindo nossas postagens, hoje vamos de Carmem Miranda em um disco internacional, uma colet\u00e2nea lan\u00e7ada l\u00e1 fora em 1975. Em 79 o disco foi editado tamb\u00e9m por aqui e saiu atrav\u00e9s da Polygram. Este disco re\u00fane grava\u00e7\u00f5es da &#8216;pequena not\u00e1vel&#8217; feitas nos Estados Unidos durante o per\u00edodo em que esteve por l\u00e1. Nada de novidades, mas sempre Carmem Miranda e isso j\u00e1 nos basta. Confiram no GTM&#8230;<\/div>\n<div>\u00a0<\/div>\n<div>south american way<\/div>\n<div>mam\u00e3e eu quero (i want my mama)<\/div>\n<div>i yi, yi, yi, yi (i like very much)<\/div>\n<div>chica chica boom chic<\/div>\n<div>a weekend in havana<\/div>\n<div>when i love, i love<\/div>\n<div>chattanooga choo choo<\/div>\n<div>manuelo<\/div>\n<div>o passo do kanguru<\/div>\n<div>bambu bambu<\/div>\n<div>cae cae<\/div>\n<div>touradas de madrid<\/div>\n<div>tic tac do meu cora\u00e7\u00e3o<\/div>\n<div>co co co co co co<\/div>\n<div>cuanto le gusta<\/div>\n<div>the wedding samba<\/div>\n<div>\u00a0<\/div>\n<div>\u00a0<\/div>\n<div>.<\/div>","protected":false},"excerpt":{"rendered":"<p>Boa tarde, amigos cultos e ocultos! Seguindo nossas postagens, hoje vamos de Carmem Miranda em um disco internacional, uma colet\u00e2nea lan\u00e7ada l\u00e1 fora em 1975. Em 79 o disco foi editado tamb\u00e9m por aqui e saiu atrav\u00e9s da Polygram. Este &hellip; <a href=\"https:\/\/www.toque-musicall.com\/?p=7502\">Continue lendo <span class=\"meta-nav\">&rarr;<\/span><\/a><\/p>\n","protected":false},"author":1,"featured_media":0,"comment_status":"closed","ping_status":"closed","sticky":false,"template":"","format":"standard","meta":{"footnotes":""},"categories":[225,137],"tags":[3676,3677],"class_list":["post-7502","post","type-post","status-publish","format-standard","hentry","category-carmem-miranda","category-selo-mca-coral","tag-carmem-miranda","tag-selo-mca-coral"],"_links":{"self":[{"href":"https:\/\/www.toque-musicall.com\/index.php?rest_route=\/wp\/v2\/posts\/7502","targetHints":{"allow":["GET"]}}],"collection":[{"href":"https:\/\/www.toque-musicall.com\/index.php?rest_route=\/wp\/v2\/posts"}],"about":[{"href":"https:\/\/www.toque-musicall.com\/index.php?rest_route=\/wp\/v2\/types\/post"}],"author":[{"embeddable":true,"href":"https:\/\/www.toque-musicall.com\/index.php?rest_route=\/wp\/v2\/users\/1"}],"replies":[{"embeddable":true,"href":"https:\/\/www.toque-musicall.com\/index.php?rest_route=%2Fwp%2Fv2%2Fcomments&post=7502"}],"version-history":[{"count":1,"href":"https:\/\/www.toque-musicall.com\/index.php?rest_route=\/wp\/v2\/posts\/7502\/revisions"}],"predecessor-version":[{"id":7503,"href":"https:\/\/www.toque-musicall.com\/index.php?rest_route=\/wp\/v2\/posts\/7502\/revisions\/7503"}],"wp:attachment":[{"href":"https:\/\/www.toque-musicall.com\/index.php?rest_route=%2Fwp%2Fv2%2Fmedia&parent=7502"}],"wp:term":[{"taxonomy":"category","embeddable":true,"href":"https:\/\/www.toque-musicall.com\/index.php?rest_route=%2Fwp%2Fv2%2Fcategories&post=7502"},{"taxonomy":"post_tag","embeddable":true,"href":"https:\/\/www.toque-musicall.com\/index.php?rest_route=%2Fwp%2Fv2%2Ftags&post=7502"}],"curies":[{"name":"wp","href":"https:\/\/api.w.org\/{rel}","templated":true}]}}