{"id":7507,"date":"2020-06-06T00:38:00","date_gmt":"2020-06-06T03:38:00","guid":{"rendered":"http:\/\/www.toque-musicall.com\/?p=7507"},"modified":"2020-06-11T00:43:07","modified_gmt":"2020-06-11T03:43:07","slug":"teca-calazans-e-ricardo-vilas-eu-nao-sou-dois-1981","status":"publish","type":"post","link":"https:\/\/www.toque-musicall.com\/?p=7507","title":{"rendered":"Teca Calazans e Ricardo Vilas &#8211; Eu N\u00e3o Sou Dois (1981)"},"content":{"rendered":"\n<figure class=\"wp-block-image size-large\"><img decoding=\"async\" src=\"https:\/\/1.bp.blogspot.com\/-4MMddybok2A\/XuAST7Kkv6I\/AAAAAAAARVo\/NdKLaKMBocICQCDiDcJr7YR8kH-yUHC3wCLcBGAsYHQ\/s640\/Anota%25C3%25A7%25C3%25A3o%2B2020-06-09%2B200829.jpg\" alt=\"\"\/><\/figure>\n\n\n\n<figure class=\"wp-block-image size-large\"><img decoding=\"async\" src=\"https:\/\/1.bp.blogspot.com\/-gdy4M3nj-YM\/XuASTkoWEFI\/AAAAAAAARVk\/hIJHdHS429MyHJ363krYFc5NVCOWuL4PACLcBGAsYHQ\/s640\/Anota%25C3%25A7%25C3%25A3o%2B2020-06-09%2B200913.jpg\" alt=\"\"\/><\/figure>\n\n\n<p>E aqui mais um dia, mais um momento de toque musical aos amigos cultos e ocultos. Hoje o nosso ouvido est\u00e1 ligado numa dupla muito legal, Teca Calazans e Ricardo Vilas. Os dois atuaram juntos por mais de uma d\u00e9cada, quando ent\u00e3o moravam na Fran\u00e7a e por l\u00e1 gravaram seus primeiros discos. Com a Anistia, eles acabaram retornando ao Brasil onde juntos gravaram outros quatro discos. Teca Calazans \u00e9 uma artista capixaba, criada no Recife e podemos at\u00e9 dizer afrancesada, pois me parece que acabou voltando a morar na Europa. Ela iniciou carreira nos anos 60, cantora, compositora e tamb\u00e9m atriz. Gravou seu primeiro disco, um compacto, em 67 e at\u00e9 o in\u00edcio dos anos 70 trabalho como atriz no teatro e televis\u00e3o, seguindo depois para a Fran\u00e7a onde come\u00e7ou o trabalho com Ricardo Vilas. Este, \u00e9 outro artista que tamb\u00e9m iniciou carreira nos anos 60, sendo um dos integrantes do grupo Momento 4, ao lado de Z\u00e9 Rodrix, Maur\u00edcio Maestro e David Tygel. Ricardo Vilas era tamb\u00e9m militante pol\u00edtico e talvez seja mais conhecido como um dos presos pol\u00edticos da ditadura militar que foi trocado pelo embaixador americano Charles Burke, sequestrado pelo pessoal da Dissid\u00eancia Comunista da Guanabara e Alian\u00e7a Libertadora Nacional, em 1969. Ricardo seguiu ent\u00e3o para a Fran\u00e7a e junto com Teca constru\u00edram uma carreira de sucesso, gravando uns quatro ou cinco discos por l\u00e1. Voltaram ao Brasil no in\u00edcio dos anos 80 e gravaram mais dois discos, sendo este &#8220;Eu n\u00e3o sou dois&#8221; o primeiro. Um trabalho bem bacana, praticamente quase todo autoral e com participa\u00e7\u00f5es de uma dezena de m\u00fasicos\/artistas de primeira linha (nem vou listar). \u00c9 um \u00e1lbum j\u00e1 bem rodado em tantos outros tempos e em tantos outros blogs, mas \u00e9 aqui que ele se eterniza, hehehe&#8230; Confiram no GTM.<\/p>\n<div>gabriel<\/div>\n<div>doce planeta<\/div>\n<div>a cidade de jota e g\u00ea<\/div>\n<div>desencontro<\/div>\n<div>na mata<\/div>\n<div>o errado somos eu<\/div>\n<div>limoeiro<\/div>\n<div>raiz<\/div>\n<div>p\u00e1ssaro sem asa<\/div>\n<div>eu n\u00e3o sou dois<\/div>\n<div>tempo inst\u00e1vel<\/div>\n<div>a \u00faltima vez<\/div>\n<div>\u00a0<\/div>\n<div>.<\/div>","protected":false},"excerpt":{"rendered":"<p>E aqui mais um dia, mais um momento de toque musical aos amigos cultos e ocultos. Hoje o nosso ouvido est\u00e1 ligado numa dupla muito legal, Teca Calazans e Ricardo Vilas. Os dois atuaram juntos por mais de uma d\u00e9cada, &hellip; <a href=\"https:\/\/www.toque-musicall.com\/?p=7507\">Continue lendo <span class=\"meta-nav\">&rarr;<\/span><\/a><\/p>\n","protected":false},"author":1,"featured_media":0,"comment_status":"closed","ping_status":"closed","sticky":false,"template":"","format":"standard","meta":{"footnotes":""},"categories":[3683,3638,3682],"tags":[3681,3639],"class_list":["post-7507","post","type-post","status-publish","format-standard","hentry","category-ricardo-vila","category-selo-emi","category-teca-calazans","tag-ricardo-vilas","tag-selo-emi"],"_links":{"self":[{"href":"https:\/\/www.toque-musicall.com\/index.php?rest_route=\/wp\/v2\/posts\/7507","targetHints":{"allow":["GET"]}}],"collection":[{"href":"https:\/\/www.toque-musicall.com\/index.php?rest_route=\/wp\/v2\/posts"}],"about":[{"href":"https:\/\/www.toque-musicall.com\/index.php?rest_route=\/wp\/v2\/types\/post"}],"author":[{"embeddable":true,"href":"https:\/\/www.toque-musicall.com\/index.php?rest_route=\/wp\/v2\/users\/1"}],"replies":[{"embeddable":true,"href":"https:\/\/www.toque-musicall.com\/index.php?rest_route=%2Fwp%2Fv2%2Fcomments&post=7507"}],"version-history":[{"count":1,"href":"https:\/\/www.toque-musicall.com\/index.php?rest_route=\/wp\/v2\/posts\/7507\/revisions"}],"predecessor-version":[{"id":7508,"href":"https:\/\/www.toque-musicall.com\/index.php?rest_route=\/wp\/v2\/posts\/7507\/revisions\/7508"}],"wp:attachment":[{"href":"https:\/\/www.toque-musicall.com\/index.php?rest_route=%2Fwp%2Fv2%2Fmedia&parent=7507"}],"wp:term":[{"taxonomy":"category","embeddable":true,"href":"https:\/\/www.toque-musicall.com\/index.php?rest_route=%2Fwp%2Fv2%2Fcategories&post=7507"},{"taxonomy":"post_tag","embeddable":true,"href":"https:\/\/www.toque-musicall.com\/index.php?rest_route=%2Fwp%2Fv2%2Ftags&post=7507"}],"curies":[{"name":"wp","href":"https:\/\/api.w.org\/{rel}","templated":true}]}}