{"id":751,"date":"2010-08-15T21:09:00","date_gmt":"2010-08-15T21:09:00","guid":{"rendered":"http:\/\/www.toque-musicall.com\/?p=751"},"modified":"2010-08-15T21:09:00","modified_gmt":"2010-08-15T21:09:00","slug":"premeditando-o-breque-a-voz-do-preme-1986","status":"publish","type":"post","link":"https:\/\/www.toque-musicall.com\/?p=751","title":{"rendered":"Premeditando O Breque &#8211; A Voz Do Prem\u00ea (1986)"},"content":{"rendered":"<p><a href=\"http:\/\/3.bp.blogspot.com\/_DSKVEvHtskc\/TGhYOAR8jvI\/AAAAAAAAG5Y\/HByjapAMrUE\/s1600\/prem%C3%AA+P.JPG\"><img decoding=\"async\" style=\"TEXT-ALIGN: center; MARGIN: 0px auto 10px; WIDTH: 397px; DISPLAY: block; HEIGHT: 400px; CURSOR: hand\" id=\"BLOGGER_PHOTO_ID_5505747542077116146\" border=\"0\" alt=\"\" src=\"http:\/\/3.bp.blogspot.com\/_DSKVEvHtskc\/TGhYOAR8jvI\/AAAAAAAAG5Y\/HByjapAMrUE\/s400\/prem%C3%AA+P.JPG\" \/><\/a> Salve! Aproveito o momento de pausa familiar para fazer a postagem do dia. Hoje eu estou um pouco pregui\u00e7oso. Bem que eu gostaria de uma programa\u00e7\u00e3o postal de pelo menos alguns dias. Deixar que algu\u00e9m cuidasse das postagens. Eu queria alguma coisa parecida com a ideia este \u00e1lbum promocional do conjunto paulista &#8220;Premeditando o Breque&#8221;, dedicado ao radialista. Conforme nos informa a capa e salienta a contracapa, s\u00e3o 2700 segundos de folga para o radialista programador &#8216;voar \u00e0 vontade&#8217;. &#8220;A voz do Prem\u00ea&#8221; \u00e9 um disco cujo o roteiro foi criado pelo grupo em parceria com Tim Rescala. Trata-se da apresenta\u00e7\u00e3o das m\u00fasicas do disco oficial, &#8220;O melhor dos iguais&#8221; em formato de programa de r\u00e1dio, onde o conjunto \u00e9 entrevistado. Participam da com\u00e9dia Tim Rescala, Arrigo Barnab\u00e9, Lulu Santos, Herbert Vianna e Renato Russo. Escuta a\u00ed&#8230; bobinho como o domingo&#8230;<\/p>\n","protected":false},"excerpt":{"rendered":"<p>Salve! Aproveito o momento de pausa familiar para fazer a postagem do dia. Hoje eu estou um pouco pregui\u00e7oso. Bem que eu gostaria de uma programa\u00e7\u00e3o postal de pelo menos alguns dias. Deixar que algu\u00e9m cuidasse das postagens. Eu queria &hellip; <a href=\"https:\/\/www.toque-musicall.com\/?p=751\">Continue lendo <span class=\"meta-nav\">&rarr;<\/span><\/a><\/p>\n","protected":false},"author":1,"featured_media":0,"comment_status":"open","ping_status":"closed","sticky":false,"template":"","format":"standard","meta":{"footnotes":""},"categories":[1063],"tags":[],"class_list":["post-751","post","type-post","status-publish","format-standard","hentry","category-premeditando-o-breque"],"_links":{"self":[{"href":"https:\/\/www.toque-musicall.com\/index.php?rest_route=\/wp\/v2\/posts\/751","targetHints":{"allow":["GET"]}}],"collection":[{"href":"https:\/\/www.toque-musicall.com\/index.php?rest_route=\/wp\/v2\/posts"}],"about":[{"href":"https:\/\/www.toque-musicall.com\/index.php?rest_route=\/wp\/v2\/types\/post"}],"author":[{"embeddable":true,"href":"https:\/\/www.toque-musicall.com\/index.php?rest_route=\/wp\/v2\/users\/1"}],"replies":[{"embeddable":true,"href":"https:\/\/www.toque-musicall.com\/index.php?rest_route=%2Fwp%2Fv2%2Fcomments&post=751"}],"version-history":[{"count":0,"href":"https:\/\/www.toque-musicall.com\/index.php?rest_route=\/wp\/v2\/posts\/751\/revisions"}],"wp:attachment":[{"href":"https:\/\/www.toque-musicall.com\/index.php?rest_route=%2Fwp%2Fv2%2Fmedia&parent=751"}],"wp:term":[{"taxonomy":"category","embeddable":true,"href":"https:\/\/www.toque-musicall.com\/index.php?rest_route=%2Fwp%2Fv2%2Fcategories&post=751"},{"taxonomy":"post_tag","embeddable":true,"href":"https:\/\/www.toque-musicall.com\/index.php?rest_route=%2Fwp%2Fv2%2Ftags&post=751"}],"curies":[{"name":"wp","href":"https:\/\/api.w.org\/{rel}","templated":true}]}}