{"id":7517,"date":"2020-06-10T08:25:00","date_gmt":"2020-06-10T11:25:00","guid":{"rendered":"http:\/\/www.toque-musicall.com\/?p=7517"},"modified":"2020-06-12T08:29:42","modified_gmt":"2020-06-12T11:29:42","slug":"jose-roberto-e-seus-sucessos-vol-2-1969","status":"publish","type":"post","link":"https:\/\/www.toque-musicall.com\/?p=7517","title":{"rendered":"Jos\u00e9 Roberto &#8211; E Seus Sucessos Vol. 2 (1969)"},"content":{"rendered":"\n<figure class=\"wp-block-image size-large\"><img decoding=\"async\" src=\"https:\/\/1.bp.blogspot.com\/-cz02Kg9a4l4\/XuNeGou6LSI\/AAAAAAAARW8\/xRxk4IWGsEQozNHroM2kfOybKLpJwKQgQCLcBGAsYHQ\/s640\/Anota%25C3%25A7%25C3%25A3o%2B2020-06-12%2B080345.jpg\" alt=\"\"\/><\/figure>\n\n\n\n<figure class=\"wp-block-image size-large\"><img decoding=\"async\" src=\"https:\/\/1.bp.blogspot.com\/-GdSnXODCKPU\/XuNeGY5VVPI\/AAAAAAAARW4\/tZ8QZsOcz2ArEpN2AJglQ_2UsXCJIblwgCLcBGAsYHQ\/s640\/Anota%25C3%25A7%25C3%25A3o%2B2020-06-12%2B080420.jpg\" alt=\"\"\/><\/figure>\n\n\n<p>Bom dia, companheiros, amigos cultos e ocultos! Muita gente as vezes comenta ou pergunta sobre o meu gosto musical, tendo em vista a pluralidade e diversidade de t\u00edtulos, artistas e g\u00eaneros. Eu, como sempre respondo, gosto de tudo que publico no Toque Musical, seja pela qualidade, empatia ou simplesmente pela curiosidade. Ali\u00e1s, boa parte do que \u00e9 postado no TM \u00e9 feito visando despertar a curiosidade, o interesse em descobrir, conhecer e ouvir coisas que passaram e hoje j\u00e1 n\u00e3o est\u00e3o mais em evid\u00eancia. Aquilo que n\u00e3o se encontra f\u00e1cil por a\u00ed. Torna-se f\u00e1cil depois que chega at\u00e9 aqui. Da\u00ed, logo vai estar no Youtube e em outras pra\u00e7as&#8230; \ud83d\ude42<br \/>Hoje, nosso toque musical relembra a Jovem Guarda. Estou trazendo aqui um disco do cantor Jos\u00e9 Roberto, baiano, que estreou na segunda metade dos anos 60. De estilo rom\u00e2ntico, seguiu na onda da Jovem Guarda, quase um carbono de cantores como Roberto Carlos e Jerry Adriani, Conquistou muitos f\u00e3s e fez muito sucesso, inclusive em Portugal e em pa\u00edses da America Latina. Gravou, segundo consta, 27 discos, al\u00e9m de muitos shows pelo Brasil. Ainda hoje tem uma legi\u00e3o de f\u00e3s e seus discos s\u00e3o hoje dif\u00edceis de achar. Aqui temos o seu segundo lp, lan\u00e7ado em 1968, uma colet\u00e2nea do supra-sumo rom\u00e2ntico da Jovem Guarda. Confiram no GTM&#8230;<\/p>\n<div>preciso esquecer que te amo<\/div>\n<div>n\u00e3o chore assim<\/div>\n<div>vende-se<\/div>\n<div>voltarei, voltar\u00e1s<\/div>\n<div>o \u00faltimo trem<\/div>\n<div>eu juro que vou te esquecer<\/div>\n<div>n\u00e3o fique assim<\/div>\n<div>fiz at\u00e9 esta can\u00e7\u00e3o<\/div>\n<div>s\u00f3 me interessa voc\u00ea<\/div>\n<div>fa\u00e7o tudo pra voc\u00ea gostar de mim<\/div>\n<div>eu tinha tudo<\/div>\n<div>a d\u00favida<\/div>\n<p>.<\/p>","protected":false},"excerpt":{"rendered":"<p>Bom dia, companheiros, amigos cultos e ocultos! Muita gente as vezes comenta ou pergunta sobre o meu gosto musical, tendo em vista a pluralidade e diversidade de t\u00edtulos, artistas e g\u00eaneros. Eu, como sempre respondo, gosto de tudo que publico &hellip; <a href=\"https:\/\/www.toque-musicall.com\/?p=7517\">Continue lendo <span class=\"meta-nav\">&rarr;<\/span><\/a><\/p>\n","protected":false},"author":1,"featured_media":0,"comment_status":"closed","ping_status":"closed","sticky":false,"template":"","format":"standard","meta":{"footnotes":""},"categories":[3695,624],"tags":[3696,3583],"class_list":["post-7517","post","type-post","status-publish","format-standard","hentry","category-jose-roberto","category-selo-epic","tag-jose-roberto","tag-selo-epic"],"_links":{"self":[{"href":"https:\/\/www.toque-musicall.com\/index.php?rest_route=\/wp\/v2\/posts\/7517","targetHints":{"allow":["GET"]}}],"collection":[{"href":"https:\/\/www.toque-musicall.com\/index.php?rest_route=\/wp\/v2\/posts"}],"about":[{"href":"https:\/\/www.toque-musicall.com\/index.php?rest_route=\/wp\/v2\/types\/post"}],"author":[{"embeddable":true,"href":"https:\/\/www.toque-musicall.com\/index.php?rest_route=\/wp\/v2\/users\/1"}],"replies":[{"embeddable":true,"href":"https:\/\/www.toque-musicall.com\/index.php?rest_route=%2Fwp%2Fv2%2Fcomments&post=7517"}],"version-history":[{"count":2,"href":"https:\/\/www.toque-musicall.com\/index.php?rest_route=\/wp\/v2\/posts\/7517\/revisions"}],"predecessor-version":[{"id":7519,"href":"https:\/\/www.toque-musicall.com\/index.php?rest_route=\/wp\/v2\/posts\/7517\/revisions\/7519"}],"wp:attachment":[{"href":"https:\/\/www.toque-musicall.com\/index.php?rest_route=%2Fwp%2Fv2%2Fmedia&parent=7517"}],"wp:term":[{"taxonomy":"category","embeddable":true,"href":"https:\/\/www.toque-musicall.com\/index.php?rest_route=%2Fwp%2Fv2%2Fcategories&post=7517"},{"taxonomy":"post_tag","embeddable":true,"href":"https:\/\/www.toque-musicall.com\/index.php?rest_route=%2Fwp%2Fv2%2Ftags&post=7517"}],"curies":[{"name":"wp","href":"https:\/\/api.w.org\/{rel}","templated":true}]}}