{"id":754,"date":"2010-08-13T08:56:00","date_gmt":"2010-08-13T08:56:00","guid":{"rendered":"http:\/\/www.toque-musicall.com\/?p=754"},"modified":"2010-08-13T08:56:00","modified_gmt":"2010-08-13T08:56:00","slug":"754","status":"publish","type":"post","link":"https:\/\/www.toque-musicall.com\/?p=754","title":{"rendered":""},"content":{"rendered":"<p><a href=\"http:\/\/2.bp.blogspot.com\/_DSKVEvHtskc\/TGUI45tXiZI\/AAAAAAAAG4M\/9--bP_x-BsU\/s1600\/panfleto+16+feira+do+vinil.jpg\"><img decoding=\"async\" style=\"TEXT-ALIGN: center; MARGIN: 0px auto 10px; WIDTH: 400px; DISPLAY: block; HEIGHT: 267px; CURSOR: hand\" id=\"BLOGGER_PHOTO_ID_5504815893187103122\" border=\"0\" alt=\"\" src=\"http:\/\/2.bp.blogspot.com\/_DSKVEvHtskc\/TGUI45tXiZI\/AAAAAAAAG4M\/9--bP_x-BsU\/s400\/panfleto+16+feira+do+vinil.jpg\" \/><\/a> Aten\u00e7\u00e3o amigos cultos e ocultos de Belo Horizonte e regi\u00e3o! Amanh\u00e3, s\u00e1bado, vai acontecer mais uma edi\u00e7\u00e3o da Feira do Vinil e CD&#8217;s independentes. A festa acontece o dia inteiro, de 10 as 18 horas. Vai ter muita gente vendendo e comprando discos. Colecionadores, lojistas, donos de sebos, todos munidos com preciosidades para todo o gosto. Se voc\u00ea est\u00e1 na cidade, n\u00e3o deixe de conferir. Eu tamb\u00e9m vou estar!<\/p>\n","protected":false},"excerpt":{"rendered":"<p>Aten\u00e7\u00e3o amigos cultos e ocultos de Belo Horizonte e regi\u00e3o! Amanh\u00e3, s\u00e1bado, vai acontecer mais uma edi\u00e7\u00e3o da Feira do Vinil e CD&#8217;s independentes. A festa acontece o dia inteiro, de 10 as 18 horas. Vai ter muita gente vendendo &hellip; <a href=\"https:\/\/www.toque-musicall.com\/?p=754\">Continue lendo <span class=\"meta-nav\">&rarr;<\/span><\/a><\/p>\n","protected":false},"author":1,"featured_media":0,"comment_status":"open","ping_status":"closed","sticky":false,"template":"","format":"standard","meta":{"footnotes":""},"categories":[5],"tags":[],"class_list":["post-754","post","type-post","status-publish","format-standard","hentry","category-textostrecos"],"_links":{"self":[{"href":"https:\/\/www.toque-musicall.com\/index.php?rest_route=\/wp\/v2\/posts\/754","targetHints":{"allow":["GET"]}}],"collection":[{"href":"https:\/\/www.toque-musicall.com\/index.php?rest_route=\/wp\/v2\/posts"}],"about":[{"href":"https:\/\/www.toque-musicall.com\/index.php?rest_route=\/wp\/v2\/types\/post"}],"author":[{"embeddable":true,"href":"https:\/\/www.toque-musicall.com\/index.php?rest_route=\/wp\/v2\/users\/1"}],"replies":[{"embeddable":true,"href":"https:\/\/www.toque-musicall.com\/index.php?rest_route=%2Fwp%2Fv2%2Fcomments&post=754"}],"version-history":[{"count":0,"href":"https:\/\/www.toque-musicall.com\/index.php?rest_route=\/wp\/v2\/posts\/754\/revisions"}],"wp:attachment":[{"href":"https:\/\/www.toque-musicall.com\/index.php?rest_route=%2Fwp%2Fv2%2Fmedia&parent=754"}],"wp:term":[{"taxonomy":"category","embeddable":true,"href":"https:\/\/www.toque-musicall.com\/index.php?rest_route=%2Fwp%2Fv2%2Fcategories&post=754"},{"taxonomy":"post_tag","embeddable":true,"href":"https:\/\/www.toque-musicall.com\/index.php?rest_route=%2Fwp%2Fv2%2Ftags&post=754"}],"curies":[{"name":"wp","href":"https:\/\/api.w.org\/{rel}","templated":true}]}}