{"id":7540,"date":"2020-06-14T20:01:16","date_gmt":"2020-06-14T23:01:16","guid":{"rendered":"http:\/\/www.toque-musicall.com\/?p=7540"},"modified":"2020-06-16T01:59:54","modified_gmt":"2020-06-16T04:59:54","slug":"jamelao-1971","status":"publish","type":"post","link":"https:\/\/www.toque-musicall.com\/?p=7540","title":{"rendered":"Jamel\u00e3o (1971)"},"content":{"rendered":"\n<figure class=\"wp-block-image size-large\"><img decoding=\"async\" src=\"https:\/\/1.bp.blogspot.com\/-PCGzg6zyuaY\/XuamgNsT2vI\/AAAAAAAARYw\/r0pnTgc3Esw_2pt_Zp6Yt-OTUv_Sde5MQCLcBGAsYHQ\/s640\/Anota%25C3%25A7%25C3%25A3o%2B2020-06-14%2B193621.jpg\" alt=\"\"\/><\/figure>\n\n\n\n<figure class=\"wp-block-image size-large\"><img decoding=\"async\" src=\"https:\/\/1.bp.blogspot.com\/-pX5wTYR_8Hk\/XuameUNgl2I\/AAAAAAAARYs\/ZuM8MQCv5x0FpGi7xHOndfEf9LM00BYWQCLcBGAsYHQ\/s640\/Anota%25C3%25A7%25C3%25A3o%2B2020-06-14%2B193808.jpg\" alt=\"\"\/><\/figure>\n\n\n<p>Boa noite de domingo, amigos cultos e ocultos! Olha a\u00ed, mais uma vez temos a honra de apresentar aqui um disco do grande Jamel\u00e3o. Figura emblem\u00e1tica do Carnaval carioca e mais exatamente Mangueira, a qual ele pertenceu, sendo o int\u00e9rprete oficial da Escola, de 1949 at\u00e9 2006. Embora n\u00e3o gostasse de ser chamado de puxador de escola de samba, ele foi o maior cantor da &#8216;linha de frente&#8217; de todos os tempos. Gravou muitos discos e entre esses temos aqui um lp de 1971, lan\u00e7ado pela Continental, trazendo doze sambas rom\u00e2nticos, composi\u00e7\u00f5es de Jo\u00e3o Roberto Kelly, Jos\u00e9 Bispo, Jair Amorim, L\u00facio Cardin e outros. Confiram no GTM&#8230;<\/p>\n<div>\u00eata dor de cotovelo<\/div>\n<div>meu sincero amor<\/div>\n<div>marido e mulher<\/div>\n<div>\u00e9 triste um homem gostar<\/div>\n<div>a m\u00e3o de deus<\/div>\n<div>foi ela<\/div>\n<div>suas amigas<\/div>\n<div>waldemar errou<\/div>\n<div>sempre teu<\/div>\n<div>vai minha amada<\/div>\n<div>pressentimento<\/div>\n<div>um dia tu h\u00e1s de pagar<\/div>\n<p>.<\/p>","protected":false},"excerpt":{"rendered":"<p>Boa noite de domingo, amigos cultos e ocultos! Olha a\u00ed, mais uma vez temos a honra de apresentar aqui um disco do grande Jamel\u00e3o. Figura emblem\u00e1tica do Carnaval carioca e mais exatamente Mangueira, a qual ele pertenceu, sendo o int\u00e9rprete &hellip; <a href=\"https:\/\/www.toque-musicall.com\/?p=7540\">Continue lendo <span class=\"meta-nav\">&rarr;<\/span><\/a><\/p>\n","protected":false},"author":1,"featured_media":0,"comment_status":"closed","ping_status":"closed","sticky":false,"template":"","format":"standard","meta":{"footnotes":""},"categories":[1005,40],"tags":[3706,3327],"class_list":["post-7540","post","type-post","status-publish","format-standard","hentry","category-jamelao","category-selo-continental","tag-jamelao","tag-selo-continental"],"_links":{"self":[{"href":"https:\/\/www.toque-musicall.com\/index.php?rest_route=\/wp\/v2\/posts\/7540","targetHints":{"allow":["GET"]}}],"collection":[{"href":"https:\/\/www.toque-musicall.com\/index.php?rest_route=\/wp\/v2\/posts"}],"about":[{"href":"https:\/\/www.toque-musicall.com\/index.php?rest_route=\/wp\/v2\/types\/post"}],"author":[{"embeddable":true,"href":"https:\/\/www.toque-musicall.com\/index.php?rest_route=\/wp\/v2\/users\/1"}],"replies":[{"embeddable":true,"href":"https:\/\/www.toque-musicall.com\/index.php?rest_route=%2Fwp%2Fv2%2Fcomments&post=7540"}],"version-history":[{"count":2,"href":"https:\/\/www.toque-musicall.com\/index.php?rest_route=\/wp\/v2\/posts\/7540\/revisions"}],"predecessor-version":[{"id":7544,"href":"https:\/\/www.toque-musicall.com\/index.php?rest_route=\/wp\/v2\/posts\/7540\/revisions\/7544"}],"wp:attachment":[{"href":"https:\/\/www.toque-musicall.com\/index.php?rest_route=%2Fwp%2Fv2%2Fmedia&parent=7540"}],"wp:term":[{"taxonomy":"category","embeddable":true,"href":"https:\/\/www.toque-musicall.com\/index.php?rest_route=%2Fwp%2Fv2%2Fcategories&post=7540"},{"taxonomy":"post_tag","embeddable":true,"href":"https:\/\/www.toque-musicall.com\/index.php?rest_route=%2Fwp%2Fv2%2Ftags&post=7540"}],"curies":[{"name":"wp","href":"https:\/\/api.w.org\/{rel}","templated":true}]}}