{"id":7542,"date":"2020-06-15T01:55:00","date_gmt":"2020-06-15T04:55:00","guid":{"rendered":"http:\/\/www.toque-musicall.com\/?p=7542"},"modified":"2020-06-16T02:49:50","modified_gmt":"2020-06-16T05:49:50","slug":"jorginho-pessanha-to-muito-na-minha-1971","status":"publish","type":"post","link":"https:\/\/www.toque-musicall.com\/?p=7542","title":{"rendered":"Jorginho Pessanha &#8211; T\u00f4 Muito Na Minha (1971)"},"content":{"rendered":"\n<figure class=\"wp-block-image size-large\"><img decoding=\"async\" src=\"https:\/\/1.bp.blogspot.com\/-RIH2YONUa64\/XuhQFnEdCfI\/AAAAAAAARaM\/KWciPV1JEYI8hIsAa889uchDX_uuvaszQCLcBGAsYHQ\/s640\/Anota%25C3%25A7%25C3%25A3o%2B2020-06-16%2B005103.jpg\" alt=\"\"\/><\/figure>\n\n\n\n<figure class=\"wp-block-image size-large\"><img decoding=\"async\" src=\"https:\/\/1.bp.blogspot.com\/-pb9oktPVEx4\/XuhQFM6wUzI\/AAAAAAAARaI\/S5uyP7eEI1YqC2NpzQc5SEXtOrxq5UXMwCLcBGAsYHQ\/s640\/Anota%25C3%25A7%25C3%25A3o%2B2020-06-16%2B005203.jpg\" alt=\"\"\/><\/figure>\n\n\n<p>Boa noite, amigos cultos e ocultos! Come\u00e7ando bem a semana, vamos seguir no samba. Ontem foi Jamel\u00e3o, hoje temos Jorginho Pessanha, sambista, compositor e cantor. C\u00e9lebre integrante a Ala dos Compositores da Escola Imp\u00e9rio Serrano. Segundo informa\u00e7\u00f5es do Dicion\u00e1rio Cravo Albin da MPB, Jorginho Pessanha se destaca a partir dos anos 60, como compositor. Fez parte da delega\u00e7\u00e3o brasileira que se apresentou num festival de arte, em Dakar, no Senegal. Integrou o grupo de m\u00fasicos que acompanhavam Clementina de Jesus, Ataulfo Alves, Heitor dos Prazeres e outros. Infelizmente, pelo Google h\u00e1 muito pouca informa\u00e7\u00e3o sobre o artista e at\u00e9 mesmo no Cravo Albin essas s\u00e3o superficiais e incompletas. Este disco, por exemplo, &#8220;T\u00f4 muito na minha&#8221;, embora tenhamos fotos da capa e at\u00e9 as m\u00fasicas no Youtube, n\u00e3o consta l\u00e1 em sua discografia. Ali\u00e1s, at\u00e9 onde eu pesquisei, Jorginho Pessanha gravou somente uns tr\u00eas ou quatro discos, incluindo este que estamos apresentando. N\u00e3o deixem de conferir no GTM&#8230;<\/p>\n<div data-original-attrs=\"{&quot;style&quot;:&quot;text-align: center;&quot;}\">a sorte mudou<\/div>\n<div data-original-attrs=\"{&quot;style&quot;:&quot;text-align: center;&quot;}\">h\u00e1 quem diga<\/div>\n<div data-original-attrs=\"{&quot;style&quot;:&quot;text-align: center;&quot;}\">nem meu amor<\/div>\n<div data-original-attrs=\"{&quot;style&quot;:&quot;text-align: center;&quot;}\">mulata<\/div>\n<div data-original-attrs=\"{&quot;style&quot;:&quot;text-align: center;&quot;}\">hoje n\u00e3o<\/div>\n<div data-original-attrs=\"{&quot;style&quot;:&quot;text-align: center;&quot;}\">romance de amor<\/div>\n<div data-original-attrs=\"{&quot;style&quot;:&quot;text-align: center;&quot;}\">\u00e9 isso a\u00ed mo\u00e7o<\/div>\n<div data-original-attrs=\"{&quot;style&quot;:&quot;text-align: center;&quot;}\">mundo de madeira<\/div>\n<div data-original-attrs=\"{&quot;style&quot;:&quot;text-align: center;&quot;}\">que samba \u00e9 esse<\/div>\n<div data-original-attrs=\"{&quot;style&quot;:&quot;text-align: center;&quot;}\">a hist\u00f3ria do z\u00e9<\/div>\n<div data-original-attrs=\"{&quot;style&quot;:&quot;text-align: center;&quot;}\">tem que ter tamborim<\/div>\n<div data-original-attrs=\"{&quot;style&quot;:&quot;text-align: center;&quot;}\">ex amor<\/div>\n<p>.<\/p>\n\n<p>#ToqueMusicall<\/p>\n\n\n<p><\/p>\n","protected":false},"excerpt":{"rendered":"<p>Boa noite, amigos cultos e ocultos! Come\u00e7ando bem a semana, vamos seguir no samba. Ontem foi Jamel\u00e3o, hoje temos Jorginho Pessanha, sambista, compositor e cantor. C\u00e9lebre integrante a Ala dos Compositores da Escola Imp\u00e9rio Serrano. Segundo informa\u00e7\u00f5es do Dicion\u00e1rio Cravo &hellip; <a href=\"https:\/\/www.toque-musicall.com\/?p=7542\">Continue lendo <span class=\"meta-nav\">&rarr;<\/span><\/a><\/p>\n","protected":false},"author":1,"featured_media":0,"comment_status":"closed","ping_status":"closed","sticky":false,"template":"","format":"standard","meta":{"footnotes":""},"categories":[3705,40],"tags":[3704,3327],"class_list":["post-7542","post","type-post","status-publish","format-standard","hentry","category-jorginho-pessanha","category-selo-continental","tag-jorginho-pessanha","tag-selo-continental"],"_links":{"self":[{"href":"https:\/\/www.toque-musicall.com\/index.php?rest_route=\/wp\/v2\/posts\/7542","targetHints":{"allow":["GET"]}}],"collection":[{"href":"https:\/\/www.toque-musicall.com\/index.php?rest_route=\/wp\/v2\/posts"}],"about":[{"href":"https:\/\/www.toque-musicall.com\/index.php?rest_route=\/wp\/v2\/types\/post"}],"author":[{"embeddable":true,"href":"https:\/\/www.toque-musicall.com\/index.php?rest_route=\/wp\/v2\/users\/1"}],"replies":[{"embeddable":true,"href":"https:\/\/www.toque-musicall.com\/index.php?rest_route=%2Fwp%2Fv2%2Fcomments&post=7542"}],"version-history":[{"count":2,"href":"https:\/\/www.toque-musicall.com\/index.php?rest_route=\/wp\/v2\/posts\/7542\/revisions"}],"predecessor-version":[{"id":7545,"href":"https:\/\/www.toque-musicall.com\/index.php?rest_route=\/wp\/v2\/posts\/7542\/revisions\/7545"}],"wp:attachment":[{"href":"https:\/\/www.toque-musicall.com\/index.php?rest_route=%2Fwp%2Fv2%2Fmedia&parent=7542"}],"wp:term":[{"taxonomy":"category","embeddable":true,"href":"https:\/\/www.toque-musicall.com\/index.php?rest_route=%2Fwp%2Fv2%2Fcategories&post=7542"},{"taxonomy":"post_tag","embeddable":true,"href":"https:\/\/www.toque-musicall.com\/index.php?rest_route=%2Fwp%2Fv2%2Ftags&post=7542"}],"curies":[{"name":"wp","href":"https:\/\/api.w.org\/{rel}","templated":true}]}}