{"id":7555,"date":"2020-06-19T15:54:00","date_gmt":"2020-06-19T18:54:00","guid":{"rendered":"http:\/\/www.toque-musicall.com\/?p=7555"},"modified":"2020-06-23T15:58:12","modified_gmt":"2020-06-23T18:58:12","slug":"candeia-luz-da-inspiracao-1977","status":"publish","type":"post","link":"https:\/\/www.toque-musicall.com\/?p=7555","title":{"rendered":"Candeia &#8211; Luz Da Inspira\u00e7\u00e3o (1977)"},"content":{"rendered":"\n<figure class=\"wp-block-image size-large\"><img decoding=\"async\" src=\"https:\/\/1.bp.blogspot.com\/-UC89AY2RdDU\/XvD2jSTUXwI\/AAAAAAAARb0\/9XfiR37eUyMslNR2IndAB0cohmLdjcyWACLcBGAsYHQ\/s640\/Anota%25C3%25A7%25C3%25A3o%2B2020-06-22%2B153653.jpg\" alt=\"\"\/><\/figure>\n\n\n\n<figure class=\"wp-block-image size-large\"><img decoding=\"async\" src=\"https:\/\/1.bp.blogspot.com\/-Xid3iwClM-U\/XvD2jGkwSmI\/AAAAAAAARbw\/-aUywhN1gYoL9_Kkeg0v2D542S8Tj7urgCLcBGAsYHQ\/s640\/Anota%25C3%25A7%25C3%25A3o%2B2020-06-22%2B153737.jpg\" alt=\"\"\/><\/figure>\n\n\n<p>Boa tarde, meus queridos amigos cultos e ocultos! Na luz da inspira\u00e7\u00e3o da tem\u00e1tica &#8216;samba&#8217;, um artista que n\u00e3o poderia faltar, Antonio Candeia Filho, ou simplesmente Candeia. J\u00e1 postamos dele aqui, em outra \u00e9poca, o seu segundo e o quinto \u00e1lbum. Desta vez voltamos trazendo &#8220;Luz da Inspira\u00e7\u00e3o&#8221;, disco lan\u00e7ado em 1977, pela Warner, atrav\u00e9s do selo internacional Atlantic. Este foi seu quarto e \u00faltimo trabalho lan\u00e7ado ainda em vida. O disco de samba super bem produzido por Guti e Mazola. Aqui temos doze sambas, quase todos autorais ou em parceria. Mais um cl\u00e1ssico do g\u00eanero e sempre visitado pelas novas gera\u00e7\u00f5es de sambistas. Infelizmente, Candeia veio a falecer um ano depois, deixando o \u00e1lbum p\u00f3stumo Ax\u00e9. Um artista com uma pequena discografia, por\u00e9m comp\u00f4s muita m\u00fasica, as quais foram gravadas por dezenas de artistas e entraram para a hist\u00f3ria da nossa m\u00fasica popular. N\u00e3o deixem de conferir no GTM&#8230;<\/p>\n<div>riquezas do Brasil (brasil poderoso)<\/div>\n<div>maria madalena da portela<\/div>\n<div>olha o samba sinh\u00e1 (roda de samba)<\/div>\n<div>vem menina mo\u00e7a<\/div>\n<div>nova escola<\/div>\n<div>j\u00e1 curei minha dor<\/div>\n<div>luz da inspira\u00e7\u00e3o<\/div>\n<div>me alucina<\/div>\n<div>falso poder (ser ou n\u00e3o ser)<\/div>\n<div>era quase madrugada<\/div>\n<div>cabocla jurema<\/div>\n<div>pelo nosso amor<\/div>\n<p>\u00a0<\/p>","protected":false},"excerpt":{"rendered":"<p>Boa tarde, meus queridos amigos cultos e ocultos! Na luz da inspira\u00e7\u00e3o da tem\u00e1tica &#8216;samba&#8217;, um artista que n\u00e3o poderia faltar, Antonio Candeia Filho, ou simplesmente Candeia. J\u00e1 postamos dele aqui, em outra \u00e9poca, o seu segundo e o quinto &hellip; <a href=\"https:\/\/www.toque-musicall.com\/?p=7555\">Continue lendo <span class=\"meta-nav\">&rarr;<\/span><\/a><\/p>\n","protected":false},"author":1,"featured_media":0,"comment_status":"closed","ping_status":"closed","sticky":false,"template":"","format":"standard","meta":{"footnotes":""},"categories":[1079,578],"tags":[3713,3065],"class_list":["post-7555","post","type-post","status-publish","format-standard","hentry","category-candeia","category-selo-atlantic","tag-candeia","tag-selo-atlantic"],"_links":{"self":[{"href":"https:\/\/www.toque-musicall.com\/index.php?rest_route=\/wp\/v2\/posts\/7555","targetHints":{"allow":["GET"]}}],"collection":[{"href":"https:\/\/www.toque-musicall.com\/index.php?rest_route=\/wp\/v2\/posts"}],"about":[{"href":"https:\/\/www.toque-musicall.com\/index.php?rest_route=\/wp\/v2\/types\/post"}],"author":[{"embeddable":true,"href":"https:\/\/www.toque-musicall.com\/index.php?rest_route=\/wp\/v2\/users\/1"}],"replies":[{"embeddable":true,"href":"https:\/\/www.toque-musicall.com\/index.php?rest_route=%2Fwp%2Fv2%2Fcomments&post=7555"}],"version-history":[{"count":1,"href":"https:\/\/www.toque-musicall.com\/index.php?rest_route=\/wp\/v2\/posts\/7555\/revisions"}],"predecessor-version":[{"id":7556,"href":"https:\/\/www.toque-musicall.com\/index.php?rest_route=\/wp\/v2\/posts\/7555\/revisions\/7556"}],"wp:attachment":[{"href":"https:\/\/www.toque-musicall.com\/index.php?rest_route=%2Fwp%2Fv2%2Fmedia&parent=7555"}],"wp:term":[{"taxonomy":"category","embeddable":true,"href":"https:\/\/www.toque-musicall.com\/index.php?rest_route=%2Fwp%2Fv2%2Fcategories&post=7555"},{"taxonomy":"post_tag","embeddable":true,"href":"https:\/\/www.toque-musicall.com\/index.php?rest_route=%2Fwp%2Fv2%2Ftags&post=7555"}],"curies":[{"name":"wp","href":"https:\/\/api.w.org\/{rel}","templated":true}]}}