{"id":7562,"date":"2020-06-22T17:21:00","date_gmt":"2020-06-22T20:21:00","guid":{"rendered":"http:\/\/www.toque-musicall.com\/?p=7562"},"modified":"2020-06-23T17:26:50","modified_gmt":"2020-06-23T20:26:50","slug":"grupo-semba-20-sambas-top-1975","status":"publish","type":"post","link":"https:\/\/www.toque-musicall.com\/?p=7562","title":{"rendered":"Grupo Semba &#8211; 20 Sambas Top (1975)"},"content":{"rendered":"\n<figure class=\"wp-block-image size-large\"><img decoding=\"async\" src=\"https:\/\/1.bp.blogspot.com\/--2nzuBGl9Vc\/XvJfGmRVLsI\/AAAAAAAARcw\/826XY5qoab8u0MVm46axN2RBd8jai9atgCLcBGAsYHQ\/s640\/Anota%25C3%25A7%25C3%25A3o%2B2020-06-18%2B212151.jpg\" alt=\"\"\/><\/figure>\n\n\n\n<figure class=\"wp-block-image size-large\"><img decoding=\"async\" src=\"https:\/\/1.bp.blogspot.com\/-bFkDe2ZXR1E\/XvJfGvRC02I\/AAAAAAAARc0\/vSA8-RdydCUbsVIRB4V-Ngj51ClCxeh3wCLcBGAsYHQ\/s640\/Anota%25C3%25A7%25C3%25A3o%2B2020-06-18%2B212237.jpg\" alt=\"\"\/><\/figure>\n\n\n<p>Fala a\u00ed, amiguinhos cultos e ocultos! E o samba continua para a alegria de todos. Hoje o nosso encontro \u00e9 com o Grupo Semba, nome, por certo, criado para um conjunto de est\u00fadio neste projeto &#8220;20 Sambas Top&#8221;. Segundo informam na contracapa &#8220;Semba&#8221; \u00e9 uma express\u00e3o Nag\u00f4 que significa &#8216;umbigada&#8217; e da qual se originou, por corruptela, a palavra &#8216;samba&#8217;. Este disco tem a produ\u00e7\u00e3o de Waldir Santos e arranjos e reg\u00eancia de Messias Santos Jr. Traz um repert\u00f3rio de vinte sambas bem populares, duas m\u00fasicas por faixa, que agradam em cheio. Como toda boa capa dessa \u00e9poca e para essas colet\u00e2neas sempre havia uma pitada de sensualidade. Essa mo\u00e7a com carinha sapeca, por exemplo, j\u00e1 apareceu estampando outros discos do mesmo naipe.<\/p>\n<div>vai doer<\/div>\n<div>farofa fa<\/div>\n<div>disritimia<\/div>\n<div>1800 colinas<\/div>\n<div>c\u00f4co s\u00f3 c\u00f4co<\/div>\n<div>quantas l\u00e1grimas<\/div>\n<div>tem que ser agora<\/div>\n<div>tamanco malandrinho<\/div>\n<div>a beleza que \u00e9 voc\u00ea mulher<\/div>\n<div>dona flor e seus dois maridos<\/div>\n<div>t\u00f4 chegando j\u00e1 cheguei<\/div>\n<div>vermelho azul e branco<\/div>\n<div>fato consumado<\/div>\n<div>n\u00e3o vou deixar<\/div>\n<div>renascer das cinzas<\/div>\n<div>al\u00e9m de tudo<\/div>\n<div>cuica e viola<\/div>\n<div>meu tamborim<\/div>\n<div>terceiro ato<\/div>\n<div>\u00a0<\/div>\n<div>\u00a0<\/div>\n<div>.<\/div>","protected":false},"excerpt":{"rendered":"<p>Fala a\u00ed, amiguinhos cultos e ocultos! E o samba continua para a alegria de todos. Hoje o nosso encontro \u00e9 com o Grupo Semba, nome, por certo, criado para um conjunto de est\u00fadio neste projeto &#8220;20 Sambas Top&#8221;. Segundo informam &hellip; <a href=\"https:\/\/www.toque-musicall.com\/?p=7562\">Continue lendo <span class=\"meta-nav\">&rarr;<\/span><\/a><\/p>\n","protected":false},"author":1,"featured_media":0,"comment_status":"closed","ping_status":"closed","sticky":false,"template":"","format":"standard","meta":{"footnotes":""},"categories":[3722,83],"tags":[3725,3723],"class_list":["post-7562","post","type-post","status-publish","format-standard","hentry","category-grupo-semba","category-selo-musicolor","tag-grupo-semba","tag-selo-musicolor"],"_links":{"self":[{"href":"https:\/\/www.toque-musicall.com\/index.php?rest_route=\/wp\/v2\/posts\/7562","targetHints":{"allow":["GET"]}}],"collection":[{"href":"https:\/\/www.toque-musicall.com\/index.php?rest_route=\/wp\/v2\/posts"}],"about":[{"href":"https:\/\/www.toque-musicall.com\/index.php?rest_route=\/wp\/v2\/types\/post"}],"author":[{"embeddable":true,"href":"https:\/\/www.toque-musicall.com\/index.php?rest_route=\/wp\/v2\/users\/1"}],"replies":[{"embeddable":true,"href":"https:\/\/www.toque-musicall.com\/index.php?rest_route=%2Fwp%2Fv2%2Fcomments&post=7562"}],"version-history":[{"count":1,"href":"https:\/\/www.toque-musicall.com\/index.php?rest_route=\/wp\/v2\/posts\/7562\/revisions"}],"predecessor-version":[{"id":7563,"href":"https:\/\/www.toque-musicall.com\/index.php?rest_route=\/wp\/v2\/posts\/7562\/revisions\/7563"}],"wp:attachment":[{"href":"https:\/\/www.toque-musicall.com\/index.php?rest_route=%2Fwp%2Fv2%2Fmedia&parent=7562"}],"wp:term":[{"taxonomy":"category","embeddable":true,"href":"https:\/\/www.toque-musicall.com\/index.php?rest_route=%2Fwp%2Fv2%2Fcategories&post=7562"},{"taxonomy":"post_tag","embeddable":true,"href":"https:\/\/www.toque-musicall.com\/index.php?rest_route=%2Fwp%2Fv2%2Ftags&post=7562"}],"curies":[{"name":"wp","href":"https:\/\/api.w.org\/{rel}","templated":true}]}}