{"id":7576,"date":"2020-06-27T20:55:00","date_gmt":"2020-06-27T23:55:00","guid":{"rendered":"http:\/\/www.toque-musicall.com\/?p=7576"},"modified":"2020-06-29T20:58:26","modified_gmt":"2020-06-29T23:58:26","slug":"guimaraes-e-o-grupo-som-sagrado-1976","status":"publish","type":"post","link":"https:\/\/www.toque-musicall.com\/?p=7576","title":{"rendered":"Guimar\u00e3es E O Grupo Som Sagrado (1976)"},"content":{"rendered":"\n<figure class=\"wp-block-image size-large\"><img decoding=\"async\" src=\"https:\/\/1.bp.blogspot.com\/-FtuHJ3ROXEc\/Xvpu4Z-MBRI\/AAAAAAAARew\/Q1UNmOIkC5wtxBhIPYatsO4KMYdzMScwwCLcBGAsYHQ\/s640\/Anota%25C3%25A7%25C3%25A3o%2B2020-06-29%2B165341.jpg\" alt=\"\"\/><\/figure>\n\n\n\n<figure class=\"wp-block-image size-large\"><img decoding=\"async\" src=\"https:\/\/1.bp.blogspot.com\/-VbF1fuEhs0c\/Xvpu4TzodDI\/AAAAAAAARes\/dfb_-6mb98YakkkaMd3A7M53fuXQ9X-7QCLcBGAsYHQ\/s640\/Anota%25C3%25A7%25C3%25A3o%2B2020-06-29%2B165448.jpg\" alt=\"\"\/><\/figure>\n\n\n<p>Boa noite, queridos amigos cultos e ocultos! Hoje e mais uma vez recorro aos &#8216;discos de gaveta&#8217;, da se\u00e7\u00e3o &#8216;colabora\u00e7\u00e3o&#8217;, ou seja, coisas que me s\u00e3o enviadas e eu vou guardando para momentos como este de encher lacunas. Por\u00e9m, o disco que agora eu apresento n\u00e3o se limita em apenas completar nosso di\u00e1rio fonomusical. Nossa escolha \u00e9 precisa \ud83d\ude09 Aqui temos Guimar\u00e3es e o Grupo Som Sagrado. Um disco curioso do maestro e tecladista Jos\u00e9 Guimar\u00e3es, lan\u00e7ado em 1976 pelo selo Crazy. Ali\u00e1s, esse selo deu vida a muita coisa interessante. Quando digo curioso, me refiro a essa faceta &#8216;moderna&#8217; do Guimar\u00e3es que a gente percebe at\u00e9 em sua estampa, cabelos longos, cal\u00e7a boca-sino&#8230; Ta\u00ed um disco diferente, ou talvez nem tanto, considerando tamb\u00e9m que aqui estamos nos anos 70. Guimar\u00e3es vem acompanhado pelo Grupo Som Sagrado e nos apresenta um roteiro musical variado para agradar quem est\u00e1 na festa. E n\u00e3o \u00e9 para menos, pois seu repert\u00f3rio contempla diferentes g\u00eaneros, do &#8216;dancing music&#8217; ao carimb\u00f3, do pop internacional ao samba e n\u00e3o falta tamb\u00e9m rock e um instrumental. Inevitavelmente, soa como conjunto de baile e \u00e9 bem certo que Guimar\u00e3es e o Grupo Som Sagrado tenha feito muitos por a\u00ed a fora. Este lp \u00e9 hoje uma raridade e de uma certa forma se tornou tamb\u00e9m um disco cultuado por colecionadores da nova gera\u00e7\u00e3o. Vale a pena conhecer. Confiram no GTM&#8230;<\/p>\n<div>our sound<\/div>\n<div>show me way<\/div>\n<div>mais um<\/div>\n<div>carimb\u00f3 da peteca<\/div>\n<div>i folow my way<\/div>\n<div>rock santero<\/div>\n<div>valsa opus 39 n. 15<\/div>\n<div>all glad of you or die<\/div>\n<div>transa nossa<\/div>\n<div>daddy where are you<\/div>\n<div>new sound theme<\/div>\n<p>\u00a0<\/p>","protected":false},"excerpt":{"rendered":"<p>Boa noite, queridos amigos cultos e ocultos! Hoje e mais uma vez recorro aos &#8216;discos de gaveta&#8217;, da se\u00e7\u00e3o &#8216;colabora\u00e7\u00e3o&#8217;, ou seja, coisas que me s\u00e3o enviadas e eu vou guardando para momentos como este de encher lacunas. Por\u00e9m, o &hellip; <a href=\"https:\/\/www.toque-musicall.com\/?p=7576\">Continue lendo <span class=\"meta-nav\">&rarr;<\/span><\/a><\/p>\n","protected":false},"author":1,"featured_media":0,"comment_status":"closed","ping_status":"closed","sticky":false,"template":"","format":"standard","meta":{"footnotes":""},"categories":[3731,2093,2734],"tags":[3733,3732],"class_list":["post-7576","post","type-post","status-publish","format-standard","hentry","category-guimaraes-e-o-grupo-som-sagrado","category-guimaraes-e-seu-conjunto","category-selo-crazy","tag-guimaraes-e-o-grupo-som-sagrado","tag-selo-crazy"],"_links":{"self":[{"href":"https:\/\/www.toque-musicall.com\/index.php?rest_route=\/wp\/v2\/posts\/7576","targetHints":{"allow":["GET"]}}],"collection":[{"href":"https:\/\/www.toque-musicall.com\/index.php?rest_route=\/wp\/v2\/posts"}],"about":[{"href":"https:\/\/www.toque-musicall.com\/index.php?rest_route=\/wp\/v2\/types\/post"}],"author":[{"embeddable":true,"href":"https:\/\/www.toque-musicall.com\/index.php?rest_route=\/wp\/v2\/users\/1"}],"replies":[{"embeddable":true,"href":"https:\/\/www.toque-musicall.com\/index.php?rest_route=%2Fwp%2Fv2%2Fcomments&post=7576"}],"version-history":[{"count":1,"href":"https:\/\/www.toque-musicall.com\/index.php?rest_route=\/wp\/v2\/posts\/7576\/revisions"}],"predecessor-version":[{"id":7577,"href":"https:\/\/www.toque-musicall.com\/index.php?rest_route=\/wp\/v2\/posts\/7576\/revisions\/7577"}],"wp:attachment":[{"href":"https:\/\/www.toque-musicall.com\/index.php?rest_route=%2Fwp%2Fv2%2Fmedia&parent=7576"}],"wp:term":[{"taxonomy":"category","embeddable":true,"href":"https:\/\/www.toque-musicall.com\/index.php?rest_route=%2Fwp%2Fv2%2Fcategories&post=7576"},{"taxonomy":"post_tag","embeddable":true,"href":"https:\/\/www.toque-musicall.com\/index.php?rest_route=%2Fwp%2Fv2%2Ftags&post=7576"}],"curies":[{"name":"wp","href":"https:\/\/api.w.org\/{rel}","templated":true}]}}