{"id":7582,"date":"2020-06-30T21:23:00","date_gmt":"2020-07-01T00:23:00","guid":{"rendered":"http:\/\/www.toque-musicall.com\/?p=7582"},"modified":"2020-07-03T21:27:06","modified_gmt":"2020-07-04T00:27:06","slug":"sergio-limanetto-saudade-esquecida-1982","status":"publish","type":"post","link":"https:\/\/www.toque-musicall.com\/?p=7582","title":{"rendered":"Sergio Limanetto &#8211; Saudade Esquecida (1982)"},"content":{"rendered":"\n<figure class=\"wp-block-image size-large\"><img decoding=\"async\" src=\"https:\/\/1.bp.blogspot.com\/-YSEQBPRCnHg\/Xv-4V0Ih1XI\/AAAAAAAARf8\/ncIzM4B9BugVcQoxga-UONEnA105PxfAgCLcBGAsYHQ\/s640\/Anota%25C3%25A7%25C3%25A3o%2B2020-07-03%2B194857.jpg\" alt=\"\"\/><\/figure>\n\n\n\n<figure class=\"wp-block-image size-large\"><img decoding=\"async\" src=\"https:\/\/1.bp.blogspot.com\/-sCm-MHpYkmk\/Xv-4Vu86nnI\/AAAAAAAARf4\/9INmEb29zTopQ1Q4kmA_Gf84yCqyGp94gCLcBGAsYHQ\/s640\/Anota%25C3%25A7%25C3%25A3o%2B2020-07-03%2B190623.jpg\" alt=\"\"\/><\/figure>\n\n\n<p>Ol\u00e1 amigos cultos e ocultos, como v\u00e3o todos? Espero que estejam usando o bom senso: FIQUE EM CASA! Aproveitem para baixar e ouvir o que rola por aqui, pois como todos devem saber, os links ativos duram n\u00e3o mais que seis meses e j\u00e1 n\u00e3o fazemos mais a reposi\u00e7\u00e3o. Portando, fiquem ligados&#8230;<br \/>Seguindo em frente, temos nesta postagem um disco que merece nosso toque musical, &#8220;Saudade Esquecida&#8221;, um lp de S\u00e9rgio Lima Netto, produtor e compositor. Ele idealizou este projeto, no qual temos tr\u00eas cantores, Celeste, Jayme Luiz e Alberto Arantes interpretando suas composi\u00e7\u00f5es, feitas quase todas em parceria com outros m\u00fasicos. O trabalho \u00e9 bem bacana e ele ainda conta com um time de m\u00fasicos de primeira. Lan\u00e7ado em 1982 pelo ent\u00e3o recente selo independente PPA (Paladar Produ\u00e7\u00f5es Art\u00edsticas). N\u00e3o deixem de conferir no GTM&#8230;<\/p>\n<div>saudade esquecida &#8211; celeste<\/div>\n<div>sou isto &#8211; celeste<\/div>\n<div>imagem &#8211; jayme luiz<\/div>\n<div>sem avesso &#8211; jayme luiz<\/div>\n<div>onde estiver &#8211; alberto arantes<\/div>\n<div>cora\u00e7\u00e3o poeta &#8211; jayme luiz<\/div>\n<div>benvinda vir\u00e1 &#8211; jayme luiz<\/div>\n<div>voe alto &#8211; celeste<\/div>\n<div>cores do amor &#8211; celeste<\/div>\n<div>minha mulher &#8211; alberto arantes e celeste<\/div>\n<p><br \/><br \/>.<\/p>","protected":false},"excerpt":{"rendered":"<p>Ol\u00e1 amigos cultos e ocultos, como v\u00e3o todos? Espero que estejam usando o bom senso: FIQUE EM CASA! Aproveitem para baixar e ouvir o que rola por aqui, pois como todos devem saber, os links ativos duram n\u00e3o mais que &hellip; <a href=\"https:\/\/www.toque-musicall.com\/?p=7582\">Continue lendo <span class=\"meta-nav\">&rarr;<\/span><\/a><\/p>\n","protected":false},"author":1,"featured_media":0,"comment_status":"closed","ping_status":"closed","sticky":false,"template":"","format":"standard","meta":{"footnotes":""},"categories":[3742,3651,3741,3740,3739],"tags":[3650,3737,3736],"class_list":["post-7582","post","type-post","status-publish","format-standard","hentry","category-alberto-arantes","category-celeste","category-jayme-luiz","category-selo-ppa","category-sergio-limanetto","tag-celeste","tag-jayme-luiz","tag-selo-ppa"],"_links":{"self":[{"href":"https:\/\/www.toque-musicall.com\/index.php?rest_route=\/wp\/v2\/posts\/7582","targetHints":{"allow":["GET"]}}],"collection":[{"href":"https:\/\/www.toque-musicall.com\/index.php?rest_route=\/wp\/v2\/posts"}],"about":[{"href":"https:\/\/www.toque-musicall.com\/index.php?rest_route=\/wp\/v2\/types\/post"}],"author":[{"embeddable":true,"href":"https:\/\/www.toque-musicall.com\/index.php?rest_route=\/wp\/v2\/users\/1"}],"replies":[{"embeddable":true,"href":"https:\/\/www.toque-musicall.com\/index.php?rest_route=%2Fwp%2Fv2%2Fcomments&post=7582"}],"version-history":[{"count":1,"href":"https:\/\/www.toque-musicall.com\/index.php?rest_route=\/wp\/v2\/posts\/7582\/revisions"}],"predecessor-version":[{"id":7583,"href":"https:\/\/www.toque-musicall.com\/index.php?rest_route=\/wp\/v2\/posts\/7582\/revisions\/7583"}],"wp:attachment":[{"href":"https:\/\/www.toque-musicall.com\/index.php?rest_route=%2Fwp%2Fv2%2Fmedia&parent=7582"}],"wp:term":[{"taxonomy":"category","embeddable":true,"href":"https:\/\/www.toque-musicall.com\/index.php?rest_route=%2Fwp%2Fv2%2Fcategories&post=7582"},{"taxonomy":"post_tag","embeddable":true,"href":"https:\/\/www.toque-musicall.com\/index.php?rest_route=%2Fwp%2Fv2%2Ftags&post=7582"}],"curies":[{"name":"wp","href":"https:\/\/api.w.org\/{rel}","templated":true}]}}