{"id":7585,"date":"2020-07-01T15:55:00","date_gmt":"2020-07-01T18:55:00","guid":{"rendered":"http:\/\/www.toque-musicall.com\/?p=7585"},"modified":"2020-07-06T07:52:01","modified_gmt":"2020-07-06T10:52:01","slug":"orquestra-brasileira-de-camara-e-coro-de-belo-horizonte-concerto-de-mariana-1984","status":"publish","type":"post","link":"https:\/\/www.toque-musicall.com\/?p=7585","title":{"rendered":"Orquestra Brasileira De C\u00e2mara E Coro De Belo Horizonte &#8211; Concerto De Mariana (1984)"},"content":{"rendered":"\n<figure class=\"wp-block-image size-large\"><img decoding=\"async\" src=\"https:\/\/1.bp.blogspot.com\/-U6_uRN0HFCU\/XwDOrdDi4YI\/AAAAAAAARgY\/UBkBpc3rgEcGO3umb0Uh5MPtH8FTOob9ACLcBGAsYHQ\/s640\/Anota%25C3%25A7%25C3%25A3o%2B2020-07-04%2B153420.jpg\" alt=\"\"\/><\/figure>\n\n\n\n<figure class=\"wp-block-image size-large\"><img decoding=\"async\" src=\"https:\/\/1.bp.blogspot.com\/-VItrzw-E-_M\/XwDOrvJSxTI\/AAAAAAAARgc\/D2CTJ3ZJWS06S4c7u3MTEI1o_4Qki-pMgCLcBGAsYHQ\/s640\/Anota%25C3%25A7%25C3%25A3o%2B2020-07-04%2B153814.jpg\" alt=\"\"\/><\/figure>\n\n\n<p>Boa tarde, amigos cultos e ocultos! Enfim chegamos a mais um come\u00e7o de m\u00eas e a programa\u00e7\u00e3o por aqui n\u00e3o p\u00e1ra. Nesta semana vamos nos dedicar aos discos de corais, m\u00fasica de c\u00e2mara e outros quitutes do g\u00eanero. Ta\u00ed uma s\u00e9rie que creio, nunca postamos por aqui. Ou j\u00e1? S\u00e3o tantas emo\u00e7\u00f5es&nbsp; que as vezes, s\u00f3 checando no index. Mas por certo, os discos que irei postando s\u00e3o novidades por aqui.<br>Come\u00e7o ent\u00e3o trazendo o &#8216;Concerto de Mariana&#8217;, um disco muito especial, pois celebra a restaura\u00e7\u00e3o e o retorno do antigo \u00f3rg\u00e3o da Catedral de Mariana (MG). Obra prima do barroco alem\u00e3o, esse \u00f3rg\u00e3o \u00e9 um dos poucos que ainda existem no mundo. Foi constru\u00eddo por volta de 1700, possivelmente pelo mestre organeiro Arp Schnitger. Chegou ao Brasil e foi instalado na catedral em 1753. Acompanhou durante quase dois s\u00e9culos a evolu\u00e7\u00e3o da m\u00fasica sacra no Brasil. Ao logo do tempo ele foi se desgastando e acabou n\u00e3o tendo as devidas manuten\u00e7\u00f5es de preserva\u00e7\u00e3o. Foi ouvido pela \u00faltima vez em 8 de dezembro de 1937. Somente no final dos anos 70, atrav\u00e9s de financiamento de empresas alem\u00e3s aqui no Brasil que este \u00f3rg\u00e3o come\u00e7ou a ser restaurado. Sua m\u00e1quina foi levada para a Alemanha onde foi totalmente reparada. 47 anos depois, no mesmo dia 8 de dezembro, no ano de 1984, o \u00f3rg\u00e3o voltaria a ser ouvido, dia glorioso da Concei\u00e7\u00e3o de Nossa Senhora. Nesta data memor\u00e1vel, o \u00f3rg\u00e3o de Mariana, foi apresentado sob os acordes da &#8220;Missa em F\u00e1 Maior&#8217;, de Jos\u00e9 Em\u00e9rico Lobo de Mesquita e o &#8220;Concerto n. 4 em F\u00e1 para \u00d3rg\u00e3o e Orquestra&#8221;, de Haendel, tamb\u00e9m pe\u00e7as de Bach e Vivaldi executadas pelo organista franc\u00eas, Fran\u00e7ois Chapelet, que foi acompanhado pela Orquestra Brasileira de C\u00e2mara e Coro, sob reg\u00eancia do maestro Michel Cordoz. Confiram este disco no GTM&#8230;<\/p>\n<div>missa em f\u00e1 maior, de joaquim em\u00e9rico lobo de mesquita<\/div>\n<div>concerto n. 4 em f\u00e1 maior, opus 4 para \u00f3rg\u00e3o e orquestra, de georg friedrich haendel<\/div>\n<div>ladainha in honorem beatae mariae viginis, de joaquim em\u00e9rico lobo de mesquita<\/div>\n<div>beatus vir (salmo III) para solistas, dois coros e duas orquestras, de antonio vivaldi<\/div>\n<div>concerto duplo em r\u00e9 menor para violino, obo\u00e9 e orquestra, de johann sebastian bach<\/div>\n<p>.<\/p>","protected":false},"excerpt":{"rendered":"<p>Boa tarde, amigos cultos e ocultos! Enfim chegamos a mais um come\u00e7o de m\u00eas e a programa\u00e7\u00e3o por aqui n\u00e3o p\u00e1ra. Nesta semana vamos nos dedicar aos discos de corais, m\u00fasica de c\u00e2mara e outros quitutes do g\u00eanero. Ta\u00ed uma &hellip; <a href=\"https:\/\/www.toque-musicall.com\/?p=7585\">Continue lendo <span class=\"meta-nav\">&rarr;<\/span><\/a><\/p>\n","protected":false},"author":1,"featured_media":0,"comment_status":"closed","ping_status":"closed","sticky":false,"template":"","format":"standard","meta":{"footnotes":""},"categories":[3746,3745,25],"tags":[3744,3743,3017],"class_list":["post-7585","post","type-post","status-publish","format-standard","hentry","category-concerto-de-mariana","category-orquestra-brasileira-de-camara","category-selo-independente","tag-concerto-de-mariana","tag-orquestra-brasileira-de-camara","tag-selo-independente"],"_links":{"self":[{"href":"https:\/\/www.toque-musicall.com\/index.php?rest_route=\/wp\/v2\/posts\/7585","targetHints":{"allow":["GET"]}}],"collection":[{"href":"https:\/\/www.toque-musicall.com\/index.php?rest_route=\/wp\/v2\/posts"}],"about":[{"href":"https:\/\/www.toque-musicall.com\/index.php?rest_route=\/wp\/v2\/types\/post"}],"author":[{"embeddable":true,"href":"https:\/\/www.toque-musicall.com\/index.php?rest_route=\/wp\/v2\/users\/1"}],"replies":[{"embeddable":true,"href":"https:\/\/www.toque-musicall.com\/index.php?rest_route=%2Fwp%2Fv2%2Fcomments&post=7585"}],"version-history":[{"count":3,"href":"https:\/\/www.toque-musicall.com\/index.php?rest_route=\/wp\/v2\/posts\/7585\/revisions"}],"predecessor-version":[{"id":7588,"href":"https:\/\/www.toque-musicall.com\/index.php?rest_route=\/wp\/v2\/posts\/7585\/revisions\/7588"}],"wp:attachment":[{"href":"https:\/\/www.toque-musicall.com\/index.php?rest_route=%2Fwp%2Fv2%2Fmedia&parent=7585"}],"wp:term":[{"taxonomy":"category","embeddable":true,"href":"https:\/\/www.toque-musicall.com\/index.php?rest_route=%2Fwp%2Fv2%2Fcategories&post=7585"},{"taxonomy":"post_tag","embeddable":true,"href":"https:\/\/www.toque-musicall.com\/index.php?rest_route=%2Fwp%2Fv2%2Ftags&post=7585"}],"curies":[{"name":"wp","href":"https:\/\/api.w.org\/{rel}","templated":true}]}}