{"id":7592,"date":"2020-07-03T20:10:00","date_gmt":"2020-07-03T23:10:00","guid":{"rendered":"http:\/\/www.toque-musicall.com\/?p=7592"},"modified":"2020-07-06T20:13:46","modified_gmt":"2020-07-06T23:13:46","slug":"coral-da-ucmg-1975","status":"publish","type":"post","link":"https:\/\/www.toque-musicall.com\/?p=7592","title":{"rendered":"Coral da UCMG (1975)"},"content":{"rendered":"\n<figure class=\"wp-block-image size-large\"><img decoding=\"async\" src=\"https:\/\/1.bp.blogspot.com\/-o5aMsMM9RaY\/XwKVn_fmubI\/AAAAAAAARgs\/86Un1vtdZwY0sgTYiZ4GT3Y-5E1RVb1PQCLcBGAsYHQ\/s640\/Anota%25C3%25A7%25C3%25A3o%2B2020-07-05%2B215940.jpg\" alt=\"\"\/><\/figure>\n\n\n\n<figure class=\"wp-block-image size-large\"><img decoding=\"async\" src=\"https:\/\/1.bp.blogspot.com\/-VJDBnMvHVjw\/XwKVobPGO4I\/AAAAAAAARgw\/B6HPMyoN6ng9yiCnxj0Qe3yzmjJr5qYWACLcBGAsYHQ\/s640\/Anota%25C3%25A7%25C3%25A3o%2B2020-07-05%2B220024.jpg\" alt=\"\"\/><\/figure>\n\n\n<div class=\"article-content entry-content\">Boa noite, amigos cultos e ocultos! Fazendo jus ao nosso lema, &#8220;m\u00fasica para se ouvir com outros olhos&#8221;, vamos trazendo discos que s\u00f3 caberiam mesmo a esse s\u00edtio. S\u00f3 mesmo no Toque Musical \u00e9 poss\u00edvel encontrar o inimagin\u00e1vel. Ent\u00e3o, vamos fazer valer esta semana.<br \/>Hoje temos aqui o Coral da Universidade Cat\u00f3lica de Minas Gerais, sob a dire\u00e7\u00e3o musical do Padre Nereu de Castro Teixeira. Este lp foi lan\u00e7ado em 1975 por ocasi\u00e3o de anivers\u00e1rio de 20 anos dessa universidade, criada em Belo Horizonte em 1955 e que a partir dos anos 80 passou a se chamar PUC &#8211; Pontif\u00edcia Universidade Cat\u00f3lica. O repert\u00f3rio do Coral da UCMG \u00e9 montado num leque variado que vai da seresta ao erudito, do popular \u00e0 m\u00fasica sacra e por a\u00ed vai&#8230;. Muito bem gravado, por sinal. Vale a pena conferir&#8230;<br \/><br \/>\n<div>noite alta c\u00e9u risonho<\/div>\n<div>opa opa<\/div>\n<div>o inef\u00e1vel rosa<\/div>\n<div>chi la gagliarda, donne vo&#8217;imparare<\/div>\n<div>pavane<\/div>\n<div>exodus<\/div>\n<div>luciana<\/div>\n<div>tutu marambaia<\/div>\n<div>\u00e9 t\u00e3o tarde<\/div>\n<div>fiz a cama na varanda<\/div>\n<br \/>.<\/div>\n<div class=\"article-footer\">\u00a0<\/div>","protected":false},"excerpt":{"rendered":"<p>Boa noite, amigos cultos e ocultos! Fazendo jus ao nosso lema, &#8220;m\u00fasica para se ouvir com outros olhos&#8221;, vamos trazendo discos que s\u00f3 caberiam mesmo a esse s\u00edtio. S\u00f3 mesmo no Toque Musical \u00e9 poss\u00edvel encontrar o inimagin\u00e1vel. Ent\u00e3o, vamos &hellip; <a href=\"https:\/\/www.toque-musicall.com\/?p=7592\">Continue lendo <span class=\"meta-nav\">&rarr;<\/span><\/a><\/p>\n","protected":false},"author":1,"featured_media":0,"comment_status":"closed","ping_status":"closed","sticky":false,"template":"","format":"standard","meta":{"footnotes":""},"categories":[3749,25],"tags":[3750],"class_list":["post-7592","post","type-post","status-publish","format-standard","hentry","category-coral-ucmg","category-selo-independente","tag-coral-ucmg"],"_links":{"self":[{"href":"https:\/\/www.toque-musicall.com\/index.php?rest_route=\/wp\/v2\/posts\/7592","targetHints":{"allow":["GET"]}}],"collection":[{"href":"https:\/\/www.toque-musicall.com\/index.php?rest_route=\/wp\/v2\/posts"}],"about":[{"href":"https:\/\/www.toque-musicall.com\/index.php?rest_route=\/wp\/v2\/types\/post"}],"author":[{"embeddable":true,"href":"https:\/\/www.toque-musicall.com\/index.php?rest_route=\/wp\/v2\/users\/1"}],"replies":[{"embeddable":true,"href":"https:\/\/www.toque-musicall.com\/index.php?rest_route=%2Fwp%2Fv2%2Fcomments&post=7592"}],"version-history":[{"count":1,"href":"https:\/\/www.toque-musicall.com\/index.php?rest_route=\/wp\/v2\/posts\/7592\/revisions"}],"predecessor-version":[{"id":7593,"href":"https:\/\/www.toque-musicall.com\/index.php?rest_route=\/wp\/v2\/posts\/7592\/revisions\/7593"}],"wp:attachment":[{"href":"https:\/\/www.toque-musicall.com\/index.php?rest_route=%2Fwp%2Fv2%2Fmedia&parent=7592"}],"wp:term":[{"taxonomy":"category","embeddable":true,"href":"https:\/\/www.toque-musicall.com\/index.php?rest_route=%2Fwp%2Fv2%2Fcategories&post=7592"},{"taxonomy":"post_tag","embeddable":true,"href":"https:\/\/www.toque-musicall.com\/index.php?rest_route=%2Fwp%2Fv2%2Ftags&post=7592"}],"curies":[{"name":"wp","href":"https:\/\/api.w.org\/{rel}","templated":true}]}}