{"id":7594,"date":"2020-07-04T20:14:00","date_gmt":"2020-07-04T23:14:00","guid":{"rendered":"http:\/\/www.toque-musicall.com\/?p=7594"},"modified":"2020-07-08T08:42:40","modified_gmt":"2020-07-08T11:42:40","slug":"coral-santa-clara-canta-serestas-vol-4-1986","status":"publish","type":"post","link":"https:\/\/www.toque-musicall.com\/?p=7594","title":{"rendered":"Coral Santa Clara &#8211; Canta Serestas Vol. 4 (1986)"},"content":{"rendered":"\n<figure class=\"wp-block-image size-large\"><img decoding=\"async\" src=\"https:\/\/1.bp.blogspot.com\/-NbEAcwyWilg\/XwMO5nrfjxI\/AAAAAAAARhY\/VPUX0fXv8ioeMEqha3LPZkpx1oM8y9IjACLcBGAsYHQ\/s640\/Anota%25C3%25A7%25C3%25A3o%2B2020-07-05%2B223211.jpg\" alt=\"\"\/><\/figure>\n\n\n\n<figure class=\"wp-block-image size-large\"><img decoding=\"async\" src=\"https:\/\/1.bp.blogspot.com\/-MfzDS-r1C6I\/XwMO5cq5M9I\/AAAAAAAARhU\/AHLVMlYpwg0YIP_IBjHEX9cbLKdMbUjUACLcBGAsYHQ\/s640\/Anota%25C3%25A7%25C3%25A3o%2B2020-07-05%2B223318.jpg\" alt=\"\"\/><\/figure>\n\n\n<div>E a\u00ed, meus amigos cultos e ocultos&#8230; Como disse, aqui temos mais um disco do Coral Santa Clara, este, o volume 4, sem dada, mas certamente de 1986. Nesta volume j\u00e1 n\u00e3o contamos mais com a participa\u00e7\u00e3o de Waldir Silva, mas o n\u00edvel continua apurad\u00edssimo e o coral vem acompanhado por m\u00fasicos bambas, do Clube do Choro de Belo Horizonte. E mais uma vez temos um repert\u00f3rio seresteiro, sob o comando de Irm\u00e3 Bet\u00e2nia. Confiram o disco, voc\u00eas v\u00e3o gostar \ud83d\ude42<\/div>\n<div>&nbsp;<\/div>\n<div>sertaneja<\/div>\n<div>gente humilde<\/div>\n<div>rosa<\/div>\n<div>as pastorinhas<\/div>\n<div>gotas de l\u00e1grimas<\/div>\n<div>cadeira vazia<\/div>\n<div>malandrinha<\/div>\n<div>guacira<\/div>\n<div>as rosas n\u00e3o falam<\/div>\n<div>a pequena cruz do teu ros\u00e1rio<\/div>\n<div>&nbsp;<\/div>\n<div>&nbsp;<\/div>","protected":false},"excerpt":{"rendered":"<p>E a\u00ed, meus amigos cultos e ocultos&#8230; Como disse, aqui temos mais um disco do Coral Santa Clara, este, o volume 4, sem dada, mas certamente de 1986. Nesta volume j\u00e1 n\u00e3o contamos mais com a participa\u00e7\u00e3o de Waldir Silva, &hellip; <a href=\"https:\/\/www.toque-musicall.com\/?p=7594\">Continue lendo <span class=\"meta-nav\">&rarr;<\/span><\/a><\/p>\n","protected":false},"author":1,"featured_media":0,"comment_status":"closed","ping_status":"closed","sticky":false,"template":"","format":"standard","meta":{"footnotes":""},"categories":[3747,25],"tags":[3748,3017],"class_list":["post-7594","post","type-post","status-publish","format-standard","hentry","category-coral-santa-clara","category-selo-independente","tag-coral-santa-clara","tag-selo-independente"],"_links":{"self":[{"href":"https:\/\/www.toque-musicall.com\/index.php?rest_route=\/wp\/v2\/posts\/7594","targetHints":{"allow":["GET"]}}],"collection":[{"href":"https:\/\/www.toque-musicall.com\/index.php?rest_route=\/wp\/v2\/posts"}],"about":[{"href":"https:\/\/www.toque-musicall.com\/index.php?rest_route=\/wp\/v2\/types\/post"}],"author":[{"embeddable":true,"href":"https:\/\/www.toque-musicall.com\/index.php?rest_route=\/wp\/v2\/users\/1"}],"replies":[{"embeddable":true,"href":"https:\/\/www.toque-musicall.com\/index.php?rest_route=%2Fwp%2Fv2%2Fcomments&post=7594"}],"version-history":[{"count":2,"href":"https:\/\/www.toque-musicall.com\/index.php?rest_route=\/wp\/v2\/posts\/7594\/revisions"}],"predecessor-version":[{"id":7598,"href":"https:\/\/www.toque-musicall.com\/index.php?rest_route=\/wp\/v2\/posts\/7594\/revisions\/7598"}],"wp:attachment":[{"href":"https:\/\/www.toque-musicall.com\/index.php?rest_route=%2Fwp%2Fv2%2Fmedia&parent=7594"}],"wp:term":[{"taxonomy":"category","embeddable":true,"href":"https:\/\/www.toque-musicall.com\/index.php?rest_route=%2Fwp%2Fv2%2Fcategories&post=7594"},{"taxonomy":"post_tag","embeddable":true,"href":"https:\/\/www.toque-musicall.com\/index.php?rest_route=%2Fwp%2Fv2%2Ftags&post=7594"}],"curies":[{"name":"wp","href":"https:\/\/api.w.org\/{rel}","templated":true}]}}