{"id":76,"date":"2012-05-02T16:10:00","date_gmt":"2012-05-02T16:10:00","guid":{"rendered":"http:\/\/www.toque-musicall.com\/?p=76"},"modified":"2012-05-02T16:10:00","modified_gmt":"2012-05-02T16:10:00","slug":"carlos-magno-o-bom-e-o-juca-1974","status":"publish","type":"post","link":"https:\/\/www.toque-musicall.com\/?p=76","title":{"rendered":"Carlos Magno &#8211; O Bom \u00c9 O Juca (1974)"},"content":{"rendered":"<div style=\"clear: both; text-align: center;\"><a href=\"http:\/\/4.bp.blogspot.com\/-fPZ7lNw8ElI\/T6EW9Ht0UhI\/AAAAAAAAB2w\/Oxyn0-1V9dc\/s1600\/capa+P.JPG\" style=\"margin-left: 1em; margin-right: 1em;\"><img loading=\"lazy\" decoding=\"async\" border=\"0\" height=\"400\" src=\"http:\/\/4.bp.blogspot.com\/-fPZ7lNw8ElI\/T6EW9Ht0UhI\/AAAAAAAAB2w\/Oxyn0-1V9dc\/s400\/capa+P.JPG\" width=\"392\" \/><\/a><\/div>\n<div style=\"clear: both; text-align: center;\"><a href=\"http:\/\/1.bp.blogspot.com\/-OMbIuCCQ1tc\/T6EW4uNhftI\/AAAAAAAAB2o\/imH1Zb5Uj1o\/s1600\/contracapa+P.JPG\" style=\"margin-left: 1em; margin-right: 1em;\"><img loading=\"lazy\" decoding=\"async\" border=\"0\" height=\"395\" src=\"http:\/\/1.bp.blogspot.com\/-OMbIuCCQ1tc\/T6EW4uNhftI\/AAAAAAAAB2o\/imH1Zb5Uj1o\/s400\/contracapa+P.JPG\" width=\"400\" \/><\/a><\/div>\n<p>Muito boa tarde, amigos cultos, ocultos e associados! H\u00e1 tempos eu estou para postar aqui no Toque Musical este disco. S\u00f3 n\u00e3o o fiz antes porque achava t\u00ea-lo perdido, ou vendido, sei l\u00e1&#8230; O certo \u00e9 que neste final de semana, para a minha felicidade, acabei achando o disco em meio a outros tantos que nem me lembrava. Assim sendo, vamos a ele&#8230; Acredito que este \u00e1lbum ainda n\u00e3o foi apresentado em &#8216;outras pra\u00e7as&#8217;. Trata-se de um dos discos mais dif\u00edceis de se achar, do selo Marcus Pereira e \u00e9, para mim, um dos mais bonitos.<br \/>&#8220;O bom \u00e9 o Juca&#8221;, creio eu, foi o \u00fanico lp gravado por esse grande artista. Digo grande artista, n\u00e3o \u00e9 atoa ou simplesmente pelo excepcional trabalho fonogr\u00e1fico, lan\u00e7ado no in\u00edcio dos anos 70. Carlos Magno, embora s\u00f3 tenha gravado um compacto nos anos 60 pela Philips e este lp pelo Marcus Pereira, tem em seu curr\u00edculo como compositor dezenas de outras belas can\u00e7\u00f5es. Suas m\u00fasicas j\u00e1 foram gravadas por artistas como Benito Di Paula, Originais do Samba, Elza Soares, Jair Rodrigues e Noite Ilustrada. Este \u00faltimo, inclusive, foi quem lhe abriu as portas na noite paulista. Carlos Magno, por muito tempo, se apresentou em casas noturnas de Sampa, sendo um m\u00fasico at\u00e9 bem conhecido. N\u00e3o foi por acaso que Marcus Pereira o convidou para gravar em seu Jogral.<br \/>Carlos Magno de Almeida \u00e9 mesmo um artista de muitas facetas. Al\u00e9m de compositor e int\u00e9rprete \u00e9 tamb\u00e9m poeta e um premiado artista pl\u00e1stico (pintor e escultor), com v\u00e1rias exposi\u00e7\u00f5es individuais e coletivas.<br \/>Em &#8220;O bom \u00e9 o Juca&#8221;, temos m\u00fasicas, que para um ouvido atento, percebe-se de imediato a sensibilidade criativa do artista. Composi\u00e7\u00f5es com letras simples e direta, mas que ganham ainda mais for\u00e7a em comunh\u00e3o como as belas melodias. Sempre que escuto o Carlos Magno me faz lembrar o Jards Macal\u00e9 e vice versa. Para mim, os dois tem algo em comum, acho que talvez no timbre da voz, sei l\u00e1&#8230; O Macala bem que podia gravar alguma coisa do Carlos Magno, cairia como uma luva, justinho \ud83d\ude42 Inclui nesta postagem a m\u00fasica &#8220;Senhora de Nazar\u00e9&#8221;, extra\u00edda do seu compacto pela Philips.<br \/>Vamos l\u00e1, mo\u00e7ada, confiram este toque e me digam l\u00e1 se eu n\u00e3o tenho raz\u00e3o \ud83d\ude42<\/p>\n<div style=\"text-align: center;\">o bom \u00e9 o juca<\/div>\n<div style=\"text-align: center;\">dedos entre dedos<\/div>\n<div style=\"text-align: center;\">quando a gente se casar<\/div>\n<div style=\"text-align: center;\">faz de conta<\/div>\n<div style=\"text-align: center;\">a rosa virou saudade<\/div>\n<div style=\"text-align: center;\">o garimpeiro<\/div>\n<div style=\"text-align: center;\">o ch\u00e3o<\/div>\n<div style=\"text-align: center;\">pal\u00e1cio de madeira<\/div>\n<div style=\"text-align: center;\">tristeza que maria me deu<\/div>\n<div style=\"text-align: center;\">l\u00e2mpada da vida<\/div>\n<div style=\"text-align: center;\">formiga desunida<\/div>\n<div style=\"text-align: center;\">manh\u00e3 de noite de chuva<\/div>\n<div style=\"text-align: center;\">senhora de nazar\u00e9 (b\u00f4nus)<\/div>\n","protected":false},"excerpt":{"rendered":"<p>Muito boa tarde, amigos cultos, ocultos e associados! H\u00e1 tempos eu estou para postar aqui no Toque Musical este disco. S\u00f3 n\u00e3o o fiz antes porque achava t\u00ea-lo perdido, ou vendido, sei l\u00e1&#8230; O certo \u00e9 que neste final de &hellip; <a href=\"https:\/\/www.toque-musicall.com\/?p=76\">Continue lendo <span class=\"meta-nav\">&rarr;<\/span><\/a><\/p>\n","protected":false},"author":1,"featured_media":0,"comment_status":"open","ping_status":"closed","sticky":false,"template":"","format":"standard","meta":{"footnotes":""},"categories":[131,130],"tags":[],"class_list":["post-76","post","type-post","status-publish","format-standard","hentry","category-carlos-magno","category-selo-marcus-pereira"],"_links":{"self":[{"href":"https:\/\/www.toque-musicall.com\/index.php?rest_route=\/wp\/v2\/posts\/76","targetHints":{"allow":["GET"]}}],"collection":[{"href":"https:\/\/www.toque-musicall.com\/index.php?rest_route=\/wp\/v2\/posts"}],"about":[{"href":"https:\/\/www.toque-musicall.com\/index.php?rest_route=\/wp\/v2\/types\/post"}],"author":[{"embeddable":true,"href":"https:\/\/www.toque-musicall.com\/index.php?rest_route=\/wp\/v2\/users\/1"}],"replies":[{"embeddable":true,"href":"https:\/\/www.toque-musicall.com\/index.php?rest_route=%2Fwp%2Fv2%2Fcomments&post=76"}],"version-history":[{"count":0,"href":"https:\/\/www.toque-musicall.com\/index.php?rest_route=\/wp\/v2\/posts\/76\/revisions"}],"wp:attachment":[{"href":"https:\/\/www.toque-musicall.com\/index.php?rest_route=%2Fwp%2Fv2%2Fmedia&parent=76"}],"wp:term":[{"taxonomy":"category","embeddable":true,"href":"https:\/\/www.toque-musicall.com\/index.php?rest_route=%2Fwp%2Fv2%2Fcategories&post=76"},{"taxonomy":"post_tag","embeddable":true,"href":"https:\/\/www.toque-musicall.com\/index.php?rest_route=%2Fwp%2Fv2%2Ftags&post=76"}],"curies":[{"name":"wp","href":"https:\/\/api.w.org\/{rel}","templated":true}]}}