{"id":7600,"date":"2020-07-06T16:59:00","date_gmt":"2020-07-06T19:59:00","guid":{"rendered":"http:\/\/www.toque-musicall.com\/?p=7600"},"modified":"2020-07-12T17:09:11","modified_gmt":"2020-07-12T20:09:11","slug":"corporacao-musical-santa-cecilia-banda-e-coral-198","status":"publish","type":"post","link":"https:\/\/www.toque-musicall.com\/?p=7600","title":{"rendered":"Corpora\u00e7\u00e3o Musical Santa Cec\u00edlia Banda e Coral (198&#8230;)"},"content":{"rendered":"\n<figure class=\"wp-block-image size-large\"><img decoding=\"async\" src=\"https:\/\/1.bp.blogspot.com\/-uilcZ2kWa_U\/XweEJMc6WmI\/AAAAAAAARiM\/wGAib5J4G-s8nyZJQdFgDh3HHvhInO8KwCLcBGAsYHQ\/s640\/Anota%25C3%25A7%25C3%25A3o%2B2020-07-05%2B204309.jpg\" alt=\"\"\/><\/figure>\n\n\n\n<figure class=\"wp-block-image size-large\"><img decoding=\"async\" src=\"https:\/\/1.bp.blogspot.com\/-5hAuYaMe_k4\/XweEJfPQ4tI\/AAAAAAAARiQ\/OCAHCRv6r5QsqvsUgpwyzPwD8dwnDIjGgCLcBGAsYHQ\/s640\/Anota%25C3%25A7%25C3%25A3o%2B2020-07-05%2B205249.jpg\" alt=\"\"\/><\/figure>\n\n\n<p>Ol\u00e1, meus amigos cultos e ocultos! Tenho hoje o prazer de apresentar a voc\u00eas a banda e o coral da Corpora\u00e7\u00e3o Musical Santa Cec\u00edlia, um entidade tradicional da cidade mineira de Ipatinga, dedicada ao ensino e fomento da M\u00fasica, criada h\u00e1 quase 60 anos. Neste disco, gravado na Bemol, temos um repert\u00f3rio variado com seresta, samba, can\u00e7\u00e3o, marcha, musica sacra, ou como nos apresenta no selo, &#8216;do dobrado ao cl\u00e1ssico&#8217;. Temos de um lado a banda e do outro o coral. Um repert\u00f3rio bem interessante que nos convida a dar uma checada no GTM&#8230;<\/p>\n<div>can\u00e7\u00e3o do infante<\/div>\n<div>samba da amizade nipo-brasileira<\/div>\n<div>festa do interior<\/div>\n<div>espa\u00f1a cani<\/div>\n<div>abertura da cavalaria ligeira<\/div>\n<div>amo-te muito<\/div>\n<div>peixe vivo<\/div>\n<div>acalanto<\/div>\n<div>cantiga por luciana<\/div>\n<div>pastorinhas<\/div>\n<div>abi-de with me<\/div>\n<div>cantante d\u00f4mino<\/div>\n<div>\u00a0<\/div>\n<div>\u00a0<\/div>\n<div>\u00a0<\/div>\n<p>\u00a0<\/p>","protected":false},"excerpt":{"rendered":"<p>Ol\u00e1, meus amigos cultos e ocultos! Tenho hoje o prazer de apresentar a voc\u00eas a banda e o coral da Corpora\u00e7\u00e3o Musical Santa Cec\u00edlia, um entidade tradicional da cidade mineira de Ipatinga, dedicada ao ensino e fomento da M\u00fasica, criada &hellip; <a href=\"https:\/\/www.toque-musicall.com\/?p=7600\">Continue lendo <span class=\"meta-nav\">&rarr;<\/span><\/a><\/p>\n","protected":false},"author":1,"featured_media":0,"comment_status":"closed","ping_status":"closed","sticky":false,"template":"","format":"standard","meta":{"footnotes":""},"categories":[3752,257],"tags":[3753,3397],"class_list":["post-7600","post","type-post","status-publish","format-standard","hentry","category-corporacao-musical-santa-cecilia","category-selo-bemol","tag-corporacao-musical-santa-cecilia","tag-selo-bemol"],"_links":{"self":[{"href":"https:\/\/www.toque-musicall.com\/index.php?rest_route=\/wp\/v2\/posts\/7600","targetHints":{"allow":["GET"]}}],"collection":[{"href":"https:\/\/www.toque-musicall.com\/index.php?rest_route=\/wp\/v2\/posts"}],"about":[{"href":"https:\/\/www.toque-musicall.com\/index.php?rest_route=\/wp\/v2\/types\/post"}],"author":[{"embeddable":true,"href":"https:\/\/www.toque-musicall.com\/index.php?rest_route=\/wp\/v2\/users\/1"}],"replies":[{"embeddable":true,"href":"https:\/\/www.toque-musicall.com\/index.php?rest_route=%2Fwp%2Fv2%2Fcomments&post=7600"}],"version-history":[{"count":2,"href":"https:\/\/www.toque-musicall.com\/index.php?rest_route=\/wp\/v2\/posts\/7600\/revisions"}],"predecessor-version":[{"id":7602,"href":"https:\/\/www.toque-musicall.com\/index.php?rest_route=\/wp\/v2\/posts\/7600\/revisions\/7602"}],"wp:attachment":[{"href":"https:\/\/www.toque-musicall.com\/index.php?rest_route=%2Fwp%2Fv2%2Fmedia&parent=7600"}],"wp:term":[{"taxonomy":"category","embeddable":true,"href":"https:\/\/www.toque-musicall.com\/index.php?rest_route=%2Fwp%2Fv2%2Fcategories&post=7600"},{"taxonomy":"post_tag","embeddable":true,"href":"https:\/\/www.toque-musicall.com\/index.php?rest_route=%2Fwp%2Fv2%2Ftags&post=7600"}],"curies":[{"name":"wp","href":"https:\/\/api.w.org\/{rel}","templated":true}]}}