{"id":7603,"date":"2020-07-07T17:09:00","date_gmt":"2020-07-07T20:09:00","guid":{"rendered":"http:\/\/www.toque-musicall.com\/?p=7603"},"modified":"2020-07-12T17:12:35","modified_gmt":"2020-07-12T20:12:35","slug":"4o-encontro-de-corais-mineiros-1986","status":"publish","type":"post","link":"https:\/\/www.toque-musicall.com\/?p=7603","title":{"rendered":"4\u00ba Encontro De Corais Mineiros (1986)"},"content":{"rendered":"\n<figure class=\"wp-block-image size-large\"><img decoding=\"async\" src=\"https:\/\/1.bp.blogspot.com\/-c969DNlS6PQ\/XweKPQoeFrI\/AAAAAAAARi4\/t9pwdeVtYoopgqEL39-ttTg34oDNDav1gCLcBGAsYHQ\/s640\/4%2Bencontro%2Bde%2Bcorais%2BF.JPG\" alt=\"\"\/><\/figure>\n\n\n\n<figure class=\"wp-block-image size-large\"><img decoding=\"async\" src=\"https:\/\/1.bp.blogspot.com\/-jjACrS_HhUg\/XweKW6f60NI\/AAAAAAAARjA\/-TSYJVFIbaYqlb7a_qzRzh5Wo_4XbOVvwCLcBGAsYHQ\/s640\/4%2Bencontro%2Bde%2Bcorais%2BB.JPG\" alt=\"\"\/><\/figure>\n\n\n<p>Boa noite prezados amigos cultos e ocultos! Eis que em meio, ou j\u00e1 nos &#8216;finalmentes&#8217; apareceu mais um disco da s\u00e9rie de Encontro de Corais Mineiros. Aqui temos o quarto volume, lan\u00e7ado em 1986. Conforme nos fala o texto de contracapa, &#8220;o quarto \u00e1lbum da s\u00e9rie documenta a atua\u00e7\u00e3o dos grupos participantes do 4. Encontro Mineiro de Corais, realizado em setembro\/outubro de 1985. Esse evento envolveu apresenta\u00e7\u00f5es, oficinas e laborat\u00f3rios onde participaram centenas coralistas e regentes. E como n\u00e3o poderia deixar de ser, produziram tamb\u00e9m o lp, este tamb\u00e9m um \u00e1lbum duplo com os v\u00e1rios corais de Minas Gerais. O repert\u00f3rio, como podemos ver, traz como destaque o canto coral do Barroco Mineiro, mas tamb\u00e9m cabe a m\u00fasica popular em seus diversos cl\u00e1ssicos. Um disco gravado ao vivo e bem bacana. Vale conferir&#8230;<\/p>\n<div>te deum &#8211; coral vivace &#8211; belo horozinte<\/div>\n<div>donine jesu &#8211; coral lorenzo fernandez &#8211; montes claros<\/div>\n<div>hodie per totum mundum &#8211; coral waldemar baptista &#8211; sabar\u00e1<\/div>\n<div>popule meus &#8211; coral waldemar baptista &#8211; sabar\u00e1<\/div>\n<div>miserere &#8211; coral julia pardini &#8211; belo horizonte<\/div>\n<div>pange lingua &#8211; coral pr\u00f3-m\u00fasica &#8211; juiz de fora<\/div>\n<div>vexila regis &#8211; coral pr\u00f3-m\u00fasica &#8211; juiz de fora<\/div>\n<div>popule meus &#8211; corpo coral da copasa &#8211; belo horizonte<\/div>\n<div>stabat mater &#8211; coral\u00a0 soremi &#8211; belo horizonte<\/div>\n<div>pange lingua e tantum ergo &#8211; coral fafi-bh &#8211; belo horizonte<\/div>\n<div>venite adoremus &#8211; madrigal schola cantorum &#8211; uberlandia<\/div>\n<div>conceptionem &#8211; coral cantamor &#8211; juiz de fora<\/div>\n<div>crux fidelis &#8211; coral instituto newton paiva &#8211; belo horizonte<\/div>\n<div>bajulans &#8211; coral professor guilherme lage &#8211; belo horizonte<\/div>\n<div>surrexit dominus &#8211; coral monlevade &#8211; jo\u00e3o monlevade<\/div>\n<div>tantum ergo II &#8211; coral sociedade mineira dos engenheiros &#8211; belo horizonte<\/div>\n<div>\u00f3 quam tristis &#8211; coral ars nova &#8211; belo horizonte<\/div>\n<div>p\u00e9 de vento &#8211; coral infantil waldemar baptista &#8211; sabar\u00e1<\/div>\n<div>gago apaixonado &#8211; coral vivace &#8211; belo horizonte<\/div>\n<div>romaria &#8211; coral lorenzo fernandez &#8211; montes claros<\/div>\n<div>verde mar coral waldemar baptista &#8211; sabar\u00e1<\/div>\n<div>arca de no\u00e9 &#8211; coral julia pardini &#8211; belo horizonte<\/div>\n<div>galo preto &#8211; coral pr\u00f3 musica &#8211; juiz de fora<\/div>\n<div>tr\u00eas cantos nativos dos \u00edndios kra\u00f3 &#8211; corpo coral da copasa &#8211; belo horizonte<\/div>\n<div>cio da terra &#8211; coral soremi &#8211; belo horizonte<\/div>\n<div>sertaneja &#8211; corpo coral fafi-bh &#8211; belo horizonte<\/div>\n<div>ca\u00e7ador de mim &#8211; coral cantovivo &#8211; belo horizonte<\/div>\n<div>as pastorinhas &#8211; madrigal schola cantorum &#8211; uberlandia<\/div>\n<div>anima &#8211; coral cantamor &#8211; juiz de fora<\/div>\n<div>nobreza &#8211; coral do instituto newton paiva &#8211; belo horizonte<\/div>\n<div>can\u00e7\u00e3o da am\u00e9rica &#8211; coral monlevade &#8211; jo\u00e3o monlevade<\/div>\n<div>ave maria &#8211; coral da sociedade mineira de engenheiros<\/div>\n<div>jubiab\u00e1 &#8211; coral ars nova &#8211; belo horizonte<\/div>\n<p><br \/><br \/>.<br \/><br \/><br \/><\/p>","protected":false},"excerpt":{"rendered":"<p>Boa noite prezados amigos cultos e ocultos! Eis que em meio, ou j\u00e1 nos &#8216;finalmentes&#8217; apareceu mais um disco da s\u00e9rie de Encontro de Corais Mineiros. Aqui temos o quarto volume, lan\u00e7ado em 1986. Conforme nos fala o texto de &hellip; <a href=\"https:\/\/www.toque-musicall.com\/?p=7603\">Continue lendo <span class=\"meta-nav\">&rarr;<\/span><\/a><\/p>\n","protected":false},"author":1,"featured_media":0,"comment_status":"closed","ping_status":"closed","sticky":false,"template":"","format":"standard","meta":{"footnotes":""},"categories":[3754,25],"tags":[3017],"class_list":["post-7603","post","type-post","status-publish","format-standard","hentry","category-encontro-de-corais-mineiros","category-selo-independente","tag-selo-independente"],"_links":{"self":[{"href":"https:\/\/www.toque-musicall.com\/index.php?rest_route=\/wp\/v2\/posts\/7603","targetHints":{"allow":["GET"]}}],"collection":[{"href":"https:\/\/www.toque-musicall.com\/index.php?rest_route=\/wp\/v2\/posts"}],"about":[{"href":"https:\/\/www.toque-musicall.com\/index.php?rest_route=\/wp\/v2\/types\/post"}],"author":[{"embeddable":true,"href":"https:\/\/www.toque-musicall.com\/index.php?rest_route=\/wp\/v2\/users\/1"}],"replies":[{"embeddable":true,"href":"https:\/\/www.toque-musicall.com\/index.php?rest_route=%2Fwp%2Fv2%2Fcomments&post=7603"}],"version-history":[{"count":1,"href":"https:\/\/www.toque-musicall.com\/index.php?rest_route=\/wp\/v2\/posts\/7603\/revisions"}],"predecessor-version":[{"id":7604,"href":"https:\/\/www.toque-musicall.com\/index.php?rest_route=\/wp\/v2\/posts\/7603\/revisions\/7604"}],"wp:attachment":[{"href":"https:\/\/www.toque-musicall.com\/index.php?rest_route=%2Fwp%2Fv2%2Fmedia&parent=7603"}],"wp:term":[{"taxonomy":"category","embeddable":true,"href":"https:\/\/www.toque-musicall.com\/index.php?rest_route=%2Fwp%2Fv2%2Fcategories&post=7603"},{"taxonomy":"post_tag","embeddable":true,"href":"https:\/\/www.toque-musicall.com\/index.php?rest_route=%2Fwp%2Fv2%2Ftags&post=7603"}],"curies":[{"name":"wp","href":"https:\/\/api.w.org\/{rel}","templated":true}]}}