{"id":7605,"date":"2020-07-08T23:08:00","date_gmt":"2020-07-09T02:08:00","guid":{"rendered":"http:\/\/www.toque-musicall.com\/?p=7605"},"modified":"2020-07-14T23:11:28","modified_gmt":"2020-07-15T02:11:28","slug":"3-de-minas-verdadeiro-amor-198","status":"publish","type":"post","link":"https:\/\/www.toque-musicall.com\/?p=7605","title":{"rendered":"3 De Minas &#8211; Verdadeiro Amor (198&#8230;)"},"content":{"rendered":"\n<figure class=\"wp-block-image size-large\"><img decoding=\"async\" src=\"https:\/\/1.bp.blogspot.com\/-eAZxOgw9mgU\/XwubKnR_VpI\/AAAAAAAARjc\/uYGt_-eiOSYuNAkV0rEaFaG90MEnwqmcACLcBGAsYHQ\/s640\/Anota%25C3%25A7%25C3%25A3o%2B2020-07-12%2B172429.jpg\" alt=\"\"\/><\/figure>\n\n\n\n<figure class=\"wp-block-image size-large\"><img decoding=\"async\" src=\"https:\/\/1.bp.blogspot.com\/-7iMHRWFQ8C0\/XwubKg2c49I\/AAAAAAAARjY\/uybaGP4LVagTRt-Hmq2ODhPl3ifgOYH7QCLcBGAsYHQ\/s640\/Anota%25C3%25A7%25C3%25A3o%2B2020-07-12%2B172547.jpg\" alt=\"\"\/><\/figure>\n\n\n<div class=\"article-content entry-content\">Boa noite, meus queridos amigos cultos e ocultos! Sa\u00edmos, enfim, da s\u00e9rie dos corais mineiros e agora vamos para outros g\u00eaneros. Andei separando aqui alguns lps, algumas coisas da produ\u00e7\u00e3o mineira, discos obscuros, coisas curiosas e raras de se ver por a\u00ed. Entre tantos, pensei em fazer aqui mais uma &#8216;semana tem\u00e1tica&#8217;, dessa vez com artistas da m\u00fasica caipira, sertaneja e rural. Acho que nunca fizemos isso como esses artistas sertanejos, poucas e espa\u00e7adas vezes postamos discos de m\u00fasica caipira. E isso se deve muito ao fato de que geralmente as informa\u00e7\u00f5es sobre esses artistas s\u00e3o meio escassas e acaba demandando uma pesquisa mais aprofundada, coisa que na maioria das vezes n\u00f3s aqui n\u00e3o conseguimos fazer. Discos de m\u00fasica caipira\/sertaneja s\u00f3 conhece mesmo quem \u00e9 do &#8216;m\u00e9tier&#8217;, da \u00e1rea.<br \/>Aqui temos um bom exemplo de discos de m\u00fasica sertaneja no qual s\u00f3 podemos mesmo contar com as informa\u00e7\u00f5es da capa. Os &#8220;3 de Minas&#8221; \u00e9 um lp de produ\u00e7\u00e3o mineira, gravado pela Bemol, provavelmente nos anos 80. O disco n\u00e3o traz data. Na ficha t\u00e9cnica encontramos um grupo de m\u00fasicos, seus nomes e instrumentos, mas nada que nos indique quem s\u00e3o os artistas principais. Quem s\u00e3o os tr\u00eas mineiros? Essa pergunta fica no ar at\u00e9 que algu\u00e9m se manifeste. Enquanto isso, vamos nos ater ao principal, ao conte\u00fado deste lp. Temos aqui doze m\u00fasicas no melhor estilo caipira\/sertanejo. Fiz quest\u00e3o de colocar &#8216;caipira&#8217; para que fique claro que se trata de m\u00fasica sertaneja aut\u00eantica e n\u00e3o esse lixo pasteurizado cujo molde original copia duplas como Chit\u00e3ozinho e Xoror\u00f3 quando essas se tornam mais comerciais que sentimentais. Ta\u00ed um disquinho bacana que me remete aos sons radiof\u00f4nicos matinais. Coisa bem mineiro, paulista ou goiano. Confiram no GTM&#8230;<br \/><br \/>\n<div>verdadeiro amor<\/div>\n<div>responda-me<\/div>\n<div>com alguem no pensamento<\/div>\n<div>se quer partir<\/div>\n<div>velho vivo<\/div>\n<div>s\u00e3o jorge guerreiro<\/div>\n<div>destino de bo\u00eamio<\/div>\n<div>escuta a minha can\u00e7\u00e3o<\/div>\n<div>arrependida<\/div>\n<div>primeiro beijo<\/div>\n<div>gaivota<\/div>\n<div>chuva da saudade<\/div>\n<br \/><br \/>.<\/div>\n<div class=\"article-footer\">\u00a0<\/div>","protected":false},"excerpt":{"rendered":"<p>Boa noite, meus queridos amigos cultos e ocultos! Sa\u00edmos, enfim, da s\u00e9rie dos corais mineiros e agora vamos para outros g\u00eaneros. Andei separando aqui alguns lps, algumas coisas da produ\u00e7\u00e3o mineira, discos obscuros, coisas curiosas e raras de se ver &hellip; <a href=\"https:\/\/www.toque-musicall.com\/?p=7605\">Continue lendo <span class=\"meta-nav\">&rarr;<\/span><\/a><\/p>\n","protected":false},"author":1,"featured_media":0,"comment_status":"closed","ping_status":"closed","sticky":false,"template":"","format":"standard","meta":{"footnotes":""},"categories":[3756,257],"tags":[3755,3397],"class_list":["post-7605","post","type-post","status-publish","format-standard","hentry","category-3-de-minas","category-selo-bemol","tag-3-de-minas","tag-selo-bemol"],"_links":{"self":[{"href":"https:\/\/www.toque-musicall.com\/index.php?rest_route=\/wp\/v2\/posts\/7605","targetHints":{"allow":["GET"]}}],"collection":[{"href":"https:\/\/www.toque-musicall.com\/index.php?rest_route=\/wp\/v2\/posts"}],"about":[{"href":"https:\/\/www.toque-musicall.com\/index.php?rest_route=\/wp\/v2\/types\/post"}],"author":[{"embeddable":true,"href":"https:\/\/www.toque-musicall.com\/index.php?rest_route=\/wp\/v2\/users\/1"}],"replies":[{"embeddable":true,"href":"https:\/\/www.toque-musicall.com\/index.php?rest_route=%2Fwp%2Fv2%2Fcomments&post=7605"}],"version-history":[{"count":1,"href":"https:\/\/www.toque-musicall.com\/index.php?rest_route=\/wp\/v2\/posts\/7605\/revisions"}],"predecessor-version":[{"id":7606,"href":"https:\/\/www.toque-musicall.com\/index.php?rest_route=\/wp\/v2\/posts\/7605\/revisions\/7606"}],"wp:attachment":[{"href":"https:\/\/www.toque-musicall.com\/index.php?rest_route=%2Fwp%2Fv2%2Fmedia&parent=7605"}],"wp:term":[{"taxonomy":"category","embeddable":true,"href":"https:\/\/www.toque-musicall.com\/index.php?rest_route=%2Fwp%2Fv2%2Fcategories&post=7605"},{"taxonomy":"post_tag","embeddable":true,"href":"https:\/\/www.toque-musicall.com\/index.php?rest_route=%2Fwp%2Fv2%2Ftags&post=7605"}],"curies":[{"name":"wp","href":"https:\/\/api.w.org\/{rel}","templated":true}]}}