{"id":761,"date":"2010-08-07T17:39:00","date_gmt":"2010-08-07T17:39:00","guid":{"rendered":"http:\/\/www.toque-musicall.com\/?p=761"},"modified":"2010-08-07T17:39:00","modified_gmt":"2010-08-07T17:39:00","slug":"adoniran-barbosa-1980","status":"publish","type":"post","link":"https:\/\/www.toque-musicall.com\/?p=761","title":{"rendered":"Adoniran Barbosa (1980)"},"content":{"rendered":"<p><a href=\"http:\/\/2.bp.blogspot.com\/_DSKVEvHtskc\/TF2ao7Wv71I\/AAAAAAAAG2c\/QDGC4RpPMj8\/s1600\/adoniran+P.JPG\"><img decoding=\"async\" style=\"TEXT-ALIGN: center; MARGIN: 0px auto 10px; WIDTH: 400px; DISPLAY: block; HEIGHT: 384px; CURSOR: hand\" id=\"BLOGGER_PHOTO_ID_5502724347635167058\" border=\"0\" alt=\"\" src=\"http:\/\/2.bp.blogspot.com\/_DSKVEvHtskc\/TF2ao7Wv71I\/AAAAAAAAG2c\/QDGC4RpPMj8\/s400\/adoniran+P.JPG\" \/><\/a> S\u00e1bado, normalmente, \u00e9 dia de festa e hoje pelo visto, teremos muitas celebra\u00e7\u00f5es. O Toque Musical, na medida do poss\u00edvel, vem sempre procurando homenagear nossos artistas, seja lembrando um anivers\u00e1rio ou mesmo um falecimento. N\u00e3o gosto de fazer isso sempre, pois se entrar nessa, fico s\u00f3 por conta das datas. Mas sempre que posso, lembro e principalmente tendo alguma coisa legal para mostrar, eu o fa\u00e7o. Ontem, dia 06 de agosto, foi comemorado o centen\u00e1rio do compositor paulista Adoniran Barbosa. Eu at\u00e9 que n\u00e3o me esqueci, apenas n\u00e3o tive tempo para preparar uma postagem especial. Al\u00e9m do mais, sexta feira \u00e9 dia do artista\/disco independente e como j\u00e1 estava tudo &#8216;engatilhado&#8217;, resolvi transferir minha homenagem para o dia de hoje. Garanto a voc\u00eas que esse atraso vai valer a pena. Ainda hoje teremos mais uma dose de Adoniran, podem esperar&#8230;<br \/>Segue aqui o \u00e1lbum lan\u00e7ado pela EMI Odeon em 1980, o qual se comemora os 70 anos do artista. Neste disco, super bem produzido, temos Adoniram acompanhado por um time de artista selecionad\u00edssimos. Na linha de frente temos as figuras de Clementina de Jesus, Clara Nunes, Carlinhos Vergueiro, Djavan, Elis Regina, Gonzaguinha, MPB 4, Conjunto Nosso Samba, Roberto Ribeiro, Talism\u00e3 e Vania Carvalho. A turma da cozinha vem formada por outros n\u00e3o menos ilustres, como Dino Sete Cordas, Cristina Buarque, As Gatas e muitos outros. Os arranjos s\u00e3o do maestro Jos\u00e9 Briamonte<\/p>\n<div align=\"center\">fica mais um pouco amor  <\/div>\n<div align=\"center\">tiro ao alvaro &#8211; com elis regina<\/div>\n<div align=\"center\">bom dia tristeza &#8211; com roberto ribeiro<\/div>\n<div align=\"center\">o casamento do moacir &#8211; com talism\u00e3 e seu conjunto<\/div>\n<div align=\"center\">viaduto santa efig\u00eania &#8211; com carlinhos vergueiro<\/div>\n<div align=\"center\">aguenta a m\u00e3o , jo\u00e3o &#8211; com djavan<\/div>\n<div align=\"center\">acende o candieiro &#8211; com conjunto nosso samba<\/div>\n<div align=\"center\">apaga o fogo man\u00e9<\/div>\n<div align=\"center\">prova de carinho &#8211; com vania carvalho<\/div>\n<div align=\"center\">vila esperan\u00e7a &#8211; com mpb4<\/div>\n<div align=\"center\">iracema &#8211; com clara nunes<\/div>\n<div align=\"center\">no morro do piolho <\/div>\n<div align=\"center\">despejo na favela &#8211; com gonzaguinha<\/div>\n<div align=\"center\">torresmo a milanesa &#8211; com clementina de jesus<\/div>\n","protected":false},"excerpt":{"rendered":"<p>S\u00e1bado, normalmente, \u00e9 dia de festa e hoje pelo visto, teremos muitas celebra\u00e7\u00f5es. O Toque Musical, na medida do poss\u00edvel, vem sempre procurando homenagear nossos artistas, seja lembrando um anivers\u00e1rio ou mesmo um falecimento. N\u00e3o gosto de fazer isso sempre, &hellip; <a href=\"https:\/\/www.toque-musicall.com\/?p=761\">Continue lendo <span class=\"meta-nav\">&rarr;<\/span><\/a><\/p>\n","protected":false},"author":1,"featured_media":0,"comment_status":"open","ping_status":"closed","sticky":false,"template":"","format":"standard","meta":{"footnotes":""},"categories":[1055],"tags":[],"class_list":["post-761","post","type-post","status-publish","format-standard","hentry","category-adoniran-barbosa"],"_links":{"self":[{"href":"https:\/\/www.toque-musicall.com\/index.php?rest_route=\/wp\/v2\/posts\/761","targetHints":{"allow":["GET"]}}],"collection":[{"href":"https:\/\/www.toque-musicall.com\/index.php?rest_route=\/wp\/v2\/posts"}],"about":[{"href":"https:\/\/www.toque-musicall.com\/index.php?rest_route=\/wp\/v2\/types\/post"}],"author":[{"embeddable":true,"href":"https:\/\/www.toque-musicall.com\/index.php?rest_route=\/wp\/v2\/users\/1"}],"replies":[{"embeddable":true,"href":"https:\/\/www.toque-musicall.com\/index.php?rest_route=%2Fwp%2Fv2%2Fcomments&post=761"}],"version-history":[{"count":0,"href":"https:\/\/www.toque-musicall.com\/index.php?rest_route=\/wp\/v2\/posts\/761\/revisions"}],"wp:attachment":[{"href":"https:\/\/www.toque-musicall.com\/index.php?rest_route=%2Fwp%2Fv2%2Fmedia&parent=761"}],"wp:term":[{"taxonomy":"category","embeddable":true,"href":"https:\/\/www.toque-musicall.com\/index.php?rest_route=%2Fwp%2Fv2%2Fcategories&post=761"},{"taxonomy":"post_tag","embeddable":true,"href":"https:\/\/www.toque-musicall.com\/index.php?rest_route=%2Fwp%2Fv2%2Ftags&post=761"}],"curies":[{"name":"wp","href":"https:\/\/api.w.org\/{rel}","templated":true}]}}