{"id":7616,"date":"2020-07-12T19:20:00","date_gmt":"2020-07-12T22:20:00","guid":{"rendered":"http:\/\/www.toque-musicall.com\/?p=7616"},"modified":"2020-07-15T19:23:07","modified_gmt":"2020-07-15T22:23:07","slug":"joao-mineiro-e-marciano-filhos-de-jesus-1981","status":"publish","type":"post","link":"https:\/\/www.toque-musicall.com\/?p=7616","title":{"rendered":"Jo\u00e3o Mineiro E Marciano &#8211; Filhos De Jesus (1981)"},"content":{"rendered":"\n<figure class=\"wp-block-image size-large\"><img decoding=\"async\" src=\"https:\/\/1.bp.blogspot.com\/-x8XNb7IGAbs\/Xw919V8yDWI\/AAAAAAAARk8\/sJD3LmYelEY6MnKK4WYzMzsHcntg-d_PQCLcBGAsYHQ\/s640\/Anota%25C3%25A7%25C3%25A3o%2B2020-07-15%2B183020.jpg\" alt=\"\"\/><\/figure>\n\n\n\n<figure class=\"wp-block-image size-large\"><img decoding=\"async\" src=\"https:\/\/1.bp.blogspot.com\/-aR0CLdq1iLI\/Xw919sqC3vI\/AAAAAAAARlA\/SRIZAdsJbZk_ODRYjRR0u5VhDuCU-Z5vgCLcBGAsYHQ\/s640\/Anota%25C3%25A7%25C3%25A3o%2B2020-07-15%2B183121.jpg\" alt=\"\"\/><\/figure>\n\n\n<p>Boa noite para todos, amigos cultos e ocultos! C\u00e1 estamos novamente na sintonia sertaneja. Hoje trazendo uma outra dupla bastante conhecida, para n\u00e3o dizer famosa, Jo\u00e3o Mineiro e Marciano. Eles come\u00e7aram juntos nos anos 70, mas foi s\u00f3 a partir dos 80 \u00e9 que eles ganham proje\u00e7\u00e3o. Nesse per\u00edodo a m\u00fasica sertaneja estava em alta e a dupla emplacou v\u00e1rios sucessos a partir de ent\u00e3o. Tiveram, inclusive um programa na televis\u00e3o. No in\u00edcio dos anos 90 eles acabaram se separando e cada um seguiu com outros projetos. Jo\u00e3o Mineiro formou outras duplas, mas em 2012 veio a falecer. Em 2019 foi a vez de Marciano. Ele gravaram uma dezena de discos. Aqui o oitavo disco e o primeiro pelo selo Copacabana. Confiram no GTM&#8230;<\/p>\n<div>filhos de jesus<\/div>\n<div>vinte anos de sil\u00eancio<\/div>\n<div>n\u00e3o adianta dizer que me ama<\/div>\n<div>desprezo<\/div>\n<div>sem voc\u00ea n\u00e3o sou ningu\u00e9m<\/div>\n<div>quarto vazio<\/div>\n<div>navio do adeus<\/div>\n<div>minha serenata<\/div>\n<div>na metade da vida<\/div>\n<div>orgulho e ci\u00fame<\/div>\n<div>amor e nada mais<\/div>\n<div>terra santa de padre victor<\/div>\n<p>.<\/p>","protected":false},"excerpt":{"rendered":"<p>Boa noite para todos, amigos cultos e ocultos! C\u00e1 estamos novamente na sintonia sertaneja. Hoje trazendo uma outra dupla bastante conhecida, para n\u00e3o dizer famosa, Jo\u00e3o Mineiro e Marciano. Eles come\u00e7aram juntos nos anos 70, mas foi s\u00f3 a partir &hellip; <a href=\"https:\/\/www.toque-musicall.com\/?p=7616\">Continue lendo <span class=\"meta-nav\">&rarr;<\/span><\/a><\/p>\n","protected":false},"author":1,"featured_media":0,"comment_status":"closed","ping_status":"closed","sticky":false,"template":"","format":"standard","meta":{"footnotes":""},"categories":[3770,152],"tags":[3769,3108],"class_list":["post-7616","post","type-post","status-publish","format-standard","hentry","category-joao-mineiro-e-marciano","category-selo-copacabana","tag-joao-mineiro-e-marciano","tag-selo-copacabana"],"_links":{"self":[{"href":"https:\/\/www.toque-musicall.com\/index.php?rest_route=\/wp\/v2\/posts\/7616","targetHints":{"allow":["GET"]}}],"collection":[{"href":"https:\/\/www.toque-musicall.com\/index.php?rest_route=\/wp\/v2\/posts"}],"about":[{"href":"https:\/\/www.toque-musicall.com\/index.php?rest_route=\/wp\/v2\/types\/post"}],"author":[{"embeddable":true,"href":"https:\/\/www.toque-musicall.com\/index.php?rest_route=\/wp\/v2\/users\/1"}],"replies":[{"embeddable":true,"href":"https:\/\/www.toque-musicall.com\/index.php?rest_route=%2Fwp%2Fv2%2Fcomments&post=7616"}],"version-history":[{"count":2,"href":"https:\/\/www.toque-musicall.com\/index.php?rest_route=\/wp\/v2\/posts\/7616\/revisions"}],"predecessor-version":[{"id":7618,"href":"https:\/\/www.toque-musicall.com\/index.php?rest_route=\/wp\/v2\/posts\/7616\/revisions\/7618"}],"wp:attachment":[{"href":"https:\/\/www.toque-musicall.com\/index.php?rest_route=%2Fwp%2Fv2%2Fmedia&parent=7616"}],"wp:term":[{"taxonomy":"category","embeddable":true,"href":"https:\/\/www.toque-musicall.com\/index.php?rest_route=%2Fwp%2Fv2%2Fcategories&post=7616"},{"taxonomy":"post_tag","embeddable":true,"href":"https:\/\/www.toque-musicall.com\/index.php?rest_route=%2Fwp%2Fv2%2Ftags&post=7616"}],"curies":[{"name":"wp","href":"https:\/\/api.w.org\/{rel}","templated":true}]}}