{"id":7622,"date":"2020-07-16T23:31:00","date_gmt":"2020-07-17T02:31:00","guid":{"rendered":"http:\/\/www.toque-musicall.com\/?p=7622"},"modified":"2020-07-17T23:34:20","modified_gmt":"2020-07-18T02:34:20","slug":"elizeth-cardoso-falou-e-disse-1970","status":"publish","type":"post","link":"https:\/\/www.toque-musicall.com\/?p=7622","title":{"rendered":"Elizeth Cardoso &#8211; Falou E Disse (1970)"},"content":{"rendered":"\n<figure class=\"wp-block-image size-large\"><img decoding=\"async\" src=\"https:\/\/1.bp.blogspot.com\/-aBbpgYTSWyc\/XxD6MFbsgSI\/AAAAAAAARlU\/hE8mPWIXUi4hxj89N0jXINj594y2xh9ZwCLcBGAsYHQ\/s640\/Anota%25C3%25A7%25C3%25A3o%2B2020-07-16%2B130313.jpg\" alt=\"\"\/><\/figure>\n\n\n\n<figure class=\"wp-block-image size-large\"><img decoding=\"async\" src=\"https:\/\/1.bp.blogspot.com\/-MJ5CheiOrXg\/XxD6MPxENvI\/AAAAAAAARlQ\/vpttp_p0DXYc2qM6VReeV8SCUAgFB3CIwCLcBGAsYHQ\/s640\/Anota%25C3%25A7%25C3%25A3o%2B2020-07-16%2B130010.jpg\" alt=\"\"\/><\/figure>\n\n\n<p>Boa noite, car\u00edssimos amigos cultos e ocultos! Hoje \u00e9 um dia especial, pois nesta data de 16 de julho nascia Elizeth Cardoso e hoje ela estaria fazendo 100 anos. Vejam como o tempo passa e alguns artistas ser\u00e3o sempre lembrados. Elizeth Cardoso ent\u00e3o, nem precisamos comentar, \u00e9 chover no molhado. Grande dama da m\u00fasica popular brasileira!<br \/>Com este bom pretexto trago assim mais dos excelentes discos da &#8216;Magn\u00edfica&#8217;. Este aqui, das melhores safras, &#8220;Falou e Disse&#8221;, de 1970. Um disco onde predominam os sambas de Baden Powell e Paulo Cesar Pinheiro, mas tamb\u00e9m cabem Jo\u00e3o Nogueira, Nelson Cavaquinho, Paulinho da Viola, Elton Medeiros e outras feras da nossa m\u00fasica popular brasileira. Disco nota dez! Confiram no GTM<\/p>\n<div>\u00e9 de lei<\/div>\n<div>corrente de a\u00e7o<\/div>\n<div>voc\u00ea foi um atraso no meu caminho<\/div>\n<div>lua aberta<\/div>\n<div>tudo ok<\/div>\n<div>ref\u00e9m da solid\u00e3o<\/div>\n<div>foi um rio que passou em minha vida<\/div>\n<div>degraus da vida<\/div>\n<div>aviso aos navegantes<\/div>\n<div>camisa branca<\/div>\n<div>carta de poeta<\/div>\n<div>a flor da laranjeira<\/div>\n<p><br \/><br \/>.<\/p>","protected":false},"excerpt":{"rendered":"<p>Boa noite, car\u00edssimos amigos cultos e ocultos! Hoje \u00e9 um dia especial, pois nesta data de 16 de julho nascia Elizeth Cardoso e hoje ela estaria fazendo 100 anos. Vejam como o tempo passa e alguns artistas ser\u00e3o sempre lembrados. &hellip; <a href=\"https:\/\/www.toque-musicall.com\/?p=7622\">Continue lendo <span class=\"meta-nav\">&rarr;<\/span><\/a><\/p>\n","protected":false},"author":1,"featured_media":0,"comment_status":"closed","ping_status":"closed","sticky":false,"template":"","format":"standard","meta":{"footnotes":""},"categories":[152],"tags":[3562,3108],"class_list":["post-7622","post","type-post","status-publish","format-standard","hentry","category-selo-copacabana","tag-elizeth-cardoso","tag-selo-copacabana"],"_links":{"self":[{"href":"https:\/\/www.toque-musicall.com\/index.php?rest_route=\/wp\/v2\/posts\/7622","targetHints":{"allow":["GET"]}}],"collection":[{"href":"https:\/\/www.toque-musicall.com\/index.php?rest_route=\/wp\/v2\/posts"}],"about":[{"href":"https:\/\/www.toque-musicall.com\/index.php?rest_route=\/wp\/v2\/types\/post"}],"author":[{"embeddable":true,"href":"https:\/\/www.toque-musicall.com\/index.php?rest_route=\/wp\/v2\/users\/1"}],"replies":[{"embeddable":true,"href":"https:\/\/www.toque-musicall.com\/index.php?rest_route=%2Fwp%2Fv2%2Fcomments&post=7622"}],"version-history":[{"count":1,"href":"https:\/\/www.toque-musicall.com\/index.php?rest_route=\/wp\/v2\/posts\/7622\/revisions"}],"predecessor-version":[{"id":7623,"href":"https:\/\/www.toque-musicall.com\/index.php?rest_route=\/wp\/v2\/posts\/7622\/revisions\/7623"}],"wp:attachment":[{"href":"https:\/\/www.toque-musicall.com\/index.php?rest_route=%2Fwp%2Fv2%2Fmedia&parent=7622"}],"wp:term":[{"taxonomy":"category","embeddable":true,"href":"https:\/\/www.toque-musicall.com\/index.php?rest_route=%2Fwp%2Fv2%2Fcategories&post=7622"},{"taxonomy":"post_tag","embeddable":true,"href":"https:\/\/www.toque-musicall.com\/index.php?rest_route=%2Fwp%2Fv2%2Ftags&post=7622"}],"curies":[{"name":"wp","href":"https:\/\/api.w.org\/{rel}","templated":true}]}}