{"id":7624,"date":"2020-07-15T01:11:00","date_gmt":"2020-07-15T04:11:00","guid":{"rendered":"http:\/\/www.toque-musicall.com\/?p=7624"},"modified":"2020-07-20T20:01:48","modified_gmt":"2020-07-20T23:01:48","slug":"julio-e-zefeliciano-1987","status":"publish","type":"post","link":"https:\/\/www.toque-musicall.com\/?p=7624","title":{"rendered":"J\u00falio E Z\u00e9feliciano (1987)"},"content":{"rendered":"\n<figure class=\"wp-block-image size-large\"><img decoding=\"async\" src=\"https:\/\/1.bp.blogspot.com\/-QbIxSnleGz4\/XxO_u_QJobI\/AAAAAAAARl8\/VZV5FxbupS87OM0Qc4ktXsCmWIcdajuagCLcBGAsYHQ\/s640\/Anota%25C3%25A7%25C3%25A3o%2B2020-07-19%2B003012.jpg\" alt=\"\"\/><\/figure>\n\n\n\n<figure class=\"wp-block-image size-large\"><img decoding=\"async\" src=\"https:\/\/1.bp.blogspot.com\/-0fwDqSYv8_U\/XxO_uad2sxI\/AAAAAAAARl4\/6fU3pgBbbSY14dEHrcS9GEkcnxV85V7KQCLcBGAsYHQ\/s640\/Anota%25C3%25A7%25C3%25A3o%2B2020-07-19%2B002429.jpg\" alt=\"\"\/><\/figure>\n\n\n<p>Ol\u00e1, meus amiguinhos cultos e ocultos, boa noite! Aqui voltamos a normalidade de nossas postagens, trazendo a cada dia uma novidade. Outros sertanejos em breve voltar\u00e3o, n\u00e3o se preocupem&#8230;<br>Hoje eu tenho para voc\u00eas um lp independente, produ\u00e7\u00e3o mineira lan\u00e7ada nos anos 80. Temos aqui a dupla J\u00falio e Z\u00e9feliciano, mineiros de Te\u00f3filo Otoni. Lan\u00e7aram em 1987 este lp de forma independente. O disco chegou at\u00e9 a ser tocado em algumas r\u00e1dios de Belo Horizonte. Depois eles sumiram, parece n\u00e3o terem dado continuidade ao trabalho em dupla. Nos anos 2000 eles voltaram a gravar, lan\u00e7ando um cd. Contudo, hoje em dia, n\u00e3o sei se ainda est\u00e3o na ativa. Mesmo assim, n\u00e3o vamos deixar de prestigiar aqui este trabalho autoral que \u00e9 bem bacana. Confiram no GTM&#8230;<\/p>\n<div>vice-versa<\/div>\n<div>asa delta<\/div>\n<div>coisa maluca<\/div>\n<div>criaturas abissais<\/div>\n<div>ponte de arco-\u00edris<\/div>\n<div>ilumina\u00e7\u00e3o<\/div>\n<div>pena natureza<\/div>\n<div>s\u00f3cio be\u00f3cio capad\u00f3cio<\/div>\n<div>terceiro mundo<\/div>\n<div>filho da terra<\/div>\n<div>&nbsp;<\/div>\n<p>.<\/p>","protected":false},"excerpt":{"rendered":"<p>Ol\u00e1, meus amiguinhos cultos e ocultos, boa noite! Aqui voltamos a normalidade de nossas postagens, trazendo a cada dia uma novidade. Outros sertanejos em breve voltar\u00e3o, n\u00e3o se preocupem&#8230;Hoje eu tenho para voc\u00eas um lp independente, produ\u00e7\u00e3o mineira lan\u00e7ada nos &hellip; <a href=\"https:\/\/www.toque-musicall.com\/?p=7624\">Continue lendo <span class=\"meta-nav\">&rarr;<\/span><\/a><\/p>\n","protected":false},"author":1,"featured_media":0,"comment_status":"closed","ping_status":"closed","sticky":false,"template":"","format":"standard","meta":{"footnotes":""},"categories":[3773,25],"tags":[3772,3017],"class_list":["post-7624","post","type-post","status-publish","format-standard","hentry","category-julio-zefeliciano","category-selo-independente","tag-julio-zefeliciano","tag-selo-independente"],"_links":{"self":[{"href":"https:\/\/www.toque-musicall.com\/index.php?rest_route=\/wp\/v2\/posts\/7624","targetHints":{"allow":["GET"]}}],"collection":[{"href":"https:\/\/www.toque-musicall.com\/index.php?rest_route=\/wp\/v2\/posts"}],"about":[{"href":"https:\/\/www.toque-musicall.com\/index.php?rest_route=\/wp\/v2\/types\/post"}],"author":[{"embeddable":true,"href":"https:\/\/www.toque-musicall.com\/index.php?rest_route=\/wp\/v2\/users\/1"}],"replies":[{"embeddable":true,"href":"https:\/\/www.toque-musicall.com\/index.php?rest_route=%2Fwp%2Fv2%2Fcomments&post=7624"}],"version-history":[{"count":2,"href":"https:\/\/www.toque-musicall.com\/index.php?rest_route=\/wp\/v2\/posts\/7624\/revisions"}],"predecessor-version":[{"id":7626,"href":"https:\/\/www.toque-musicall.com\/index.php?rest_route=\/wp\/v2\/posts\/7624\/revisions\/7626"}],"wp:attachment":[{"href":"https:\/\/www.toque-musicall.com\/index.php?rest_route=%2Fwp%2Fv2%2Fmedia&parent=7624"}],"wp:term":[{"taxonomy":"category","embeddable":true,"href":"https:\/\/www.toque-musicall.com\/index.php?rest_route=%2Fwp%2Fv2%2Fcategories&post=7624"},{"taxonomy":"post_tag","embeddable":true,"href":"https:\/\/www.toque-musicall.com\/index.php?rest_route=%2Fwp%2Fv2%2Ftags&post=7624"}],"curies":[{"name":"wp","href":"https:\/\/api.w.org\/{rel}","templated":true}]}}