{"id":7628,"date":"2020-07-14T15:56:00","date_gmt":"2020-07-14T18:56:00","guid":{"rendered":"http:\/\/www.toque-musicall.com\/?p=7628"},"modified":"2020-07-20T19:59:07","modified_gmt":"2020-07-20T22:59:07","slug":"luiz-andrade-e-seu-acordeon-baile-mineiro-1977","status":"publish","type":"post","link":"https:\/\/www.toque-musicall.com\/?p=7628","title":{"rendered":"Luiz Andrade E Seu Acordeon &#8211; Baile Mineiro (1977)"},"content":{"rendered":"\n<figure class=\"wp-block-image size-large\"><img decoding=\"async\" src=\"https:\/\/1.bp.blogspot.com\/-g4jN0mXTXhw\/XxYAC8ENXDI\/AAAAAAAARm4\/WgBXsV1bnA0J7AmhZ-VaWFbv4gKYKkj7wCLcBGAsYHQ\/s640\/Anota%25C3%25A7%25C3%25A3o%2B2020-07-20%2B154942.jpg\" alt=\"\"\/><\/figure>\n\n\n\n<figure class=\"wp-block-image size-large\"><img decoding=\"async\" src=\"https:\/\/1.bp.blogspot.com\/-kXuoNkTa2SU\/XxYAC4BqS7I\/AAAAAAAARm8\/IGhh3U4NoLcYh_R2ngT5UckEBJQMeepBQCLcBGAsYHQ\/s640\/Anota%25C3%25A7%25C3%25A3o%2B2020-07-20%2B154858.jpg\" alt=\"\"\/><\/figure>\n\n\n<p>Boa tarde meus prazados amigos cultos e ocultos! Fechando essa s\u00e9rie sertaneja, eu hoje trago um disco do sanfoneiro Luiz Andrade, o &#8220;Baile Mineiro&#8221;, lp lan\u00e7ado em 1977, na \u00e9poca, pelo selo Itamaraty. Luiz Andrade foi um instrumentista e compositor que atuou por muitos anos em r\u00e1dios e bailes de forr\u00f3, em Belo Horizonte, onde residia. Achar informa\u00e7\u00f5es sobre ele n\u00e3o \u00e9 coisa muito f\u00e1cil, pois como tantos outros artistas do g\u00eanero sertanejo, ficam limitados a suas regionalidades. S\u00f3 mesmo quando alcan\u00e7am um grande sucesso \u00e9 que passam a ser conhecidos do p\u00fablico em geral. Luiz Andrade \u00e9 daqueles sanfoneiros bem conhecidos, mas dentro do mundo sertanejo. Pelo pouco que pesquisei, vi que ele gravou tamb\u00e9m outros discos. Infelizmente, hoje \u00e9 um artista que s\u00f3 vive na mem\u00f3ria. No Youtube tem algumas m\u00fasicas dele e pelos coment\u00e1rios ele j\u00e1 faleceu h\u00e1 algum tempo. Mesmo assim e talvez por isso mesmo, vamos resgat\u00e1-lo. Vamos conhecer melhor esse sanfoneiro&#8230;<\/p>\n<div>sanfona nervosa<\/div>\n<div>homenagem a belo horizonte<\/div>\n<div>velhaco<\/div>\n<div>capricho mineiro<\/div>\n<div>tira o chap\u00e9u<\/div>\n<div>xod\u00f3<\/div>\n<div>baile mineiro<\/div>\n<div>tapa de luva<\/div>\n<div>sanfona do vov\u00f4<\/div>\n<div>dan\u00e7a do povo<\/div>\n<div>mocinha da cidade<\/div>\n<div>inchaqueca<\/div>\n<p>\u00a0<\/p>","protected":false},"excerpt":{"rendered":"<p>Boa tarde meus prazados amigos cultos e ocultos! Fechando essa s\u00e9rie sertaneja, eu hoje trago um disco do sanfoneiro Luiz Andrade, o &#8220;Baile Mineiro&#8221;, lp lan\u00e7ado em 1977, na \u00e9poca, pelo selo Itamaraty. Luiz Andrade foi um instrumentista e compositor &hellip; <a href=\"https:\/\/www.toque-musicall.com\/?p=7628\">Continue lendo <span class=\"meta-nav\">&rarr;<\/span><\/a><\/p>\n","protected":false},"author":1,"featured_media":0,"comment_status":"closed","ping_status":"closed","sticky":false,"template":"","format":"standard","meta":{"footnotes":""},"categories":[3774,2213],"tags":[3775,3776],"class_list":["post-7628","post","type-post","status-publish","format-standard","hentry","category-luiz-andrade","category-selo-itamaraty","tag-luiz-andrade","tag-selo-itamaraty"],"_links":{"self":[{"href":"https:\/\/www.toque-musicall.com\/index.php?rest_route=\/wp\/v2\/posts\/7628","targetHints":{"allow":["GET"]}}],"collection":[{"href":"https:\/\/www.toque-musicall.com\/index.php?rest_route=\/wp\/v2\/posts"}],"about":[{"href":"https:\/\/www.toque-musicall.com\/index.php?rest_route=\/wp\/v2\/types\/post"}],"author":[{"embeddable":true,"href":"https:\/\/www.toque-musicall.com\/index.php?rest_route=\/wp\/v2\/users\/1"}],"replies":[{"embeddable":true,"href":"https:\/\/www.toque-musicall.com\/index.php?rest_route=%2Fwp%2Fv2%2Fcomments&post=7628"}],"version-history":[{"count":1,"href":"https:\/\/www.toque-musicall.com\/index.php?rest_route=\/wp\/v2\/posts\/7628\/revisions"}],"predecessor-version":[{"id":7629,"href":"https:\/\/www.toque-musicall.com\/index.php?rest_route=\/wp\/v2\/posts\/7628\/revisions\/7629"}],"wp:attachment":[{"href":"https:\/\/www.toque-musicall.com\/index.php?rest_route=%2Fwp%2Fv2%2Fmedia&parent=7628"}],"wp:term":[{"taxonomy":"category","embeddable":true,"href":"https:\/\/www.toque-musicall.com\/index.php?rest_route=%2Fwp%2Fv2%2Fcategories&post=7628"},{"taxonomy":"post_tag","embeddable":true,"href":"https:\/\/www.toque-musicall.com\/index.php?rest_route=%2Fwp%2Fv2%2Ftags&post=7628"}],"curies":[{"name":"wp","href":"https:\/\/api.w.org\/{rel}","templated":true}]}}