{"id":7631,"date":"2020-07-17T20:03:00","date_gmt":"2020-07-17T23:03:00","guid":{"rendered":"http:\/\/www.toque-musicall.com\/?p=7631"},"modified":"2020-07-20T20:10:02","modified_gmt":"2020-07-20T23:10:02","slug":"quatro-sambas-quatro-sucessos-n-2-1973","status":"publish","type":"post","link":"https:\/\/www.toque-musicall.com\/?p=7631","title":{"rendered":"Quatro Sambas Quatro Sucessos N. 2 (1973)"},"content":{"rendered":"\n<figure class=\"wp-block-image size-large\"><img decoding=\"async\" src=\"https:\/\/1.bp.blogspot.com\/-H8RDtzMDnXg\/XxTV-OciznI\/AAAAAAAARmU\/lhvIK6mLwAMNEKxA6ThGDEbcOANBXIvhQCLcBGAsYHQ\/s640\/Anota%25C3%25A7%25C3%25A3o%2B2020-07-19%2B200918.jpg\" alt=\"\"\/><\/figure>\n\n\n\n<figure class=\"wp-block-image size-large\"><img decoding=\"async\" src=\"https:\/\/1.bp.blogspot.com\/-35kvutnLLqA\/XxTV9zbvSrI\/AAAAAAAARmQ\/BYwUDz-f9sYG1_fycCuZkem1_VdzrW4PgCLcBGAsYHQ\/s640\/Anota%25C3%25A7%25C3%25A3o%2B2020-07-19%2B200840.jpg\" alt=\"\"\/><\/figure>\n\n\n<p>Boa noite, car\u00edssimos amigos cultos e ocultos! Aproveitando a &#8216;deixa&#8217; do anivers\u00e1rio de 100 anos da nossa Elizeth Cardoso eu vou colocando aqui este compacto do selo Copacabana, lan\u00e7ado em 1973 e trazendo como o pr\u00f3prio nome diz, quatro sambas de sucesso nas vozes de Elizeth Cardoso, Adeilton Alves, Benito Di Paula e Noriel Vilela. Disquinho bacana que, por certo, vai agradar a todos. Confiram no GTM&#8230;<\/p>\n<div>eu bebo sim &#8211; elizeth cardoso<\/div>\n<div>madalena &#8211; adeilton\u00a0 alves<\/div>\n<div>retalhos de cetim &#8211; benito di paula<\/div>\n<div>t\u00e1 com medo, diz&#8230; &#8211; noriel vilela<\/div>\n<p><br \/><br \/>.<\/p>","protected":false},"excerpt":{"rendered":"<p>Boa noite, car\u00edssimos amigos cultos e ocultos! Aproveitando a &#8216;deixa&#8217; do anivers\u00e1rio de 100 anos da nossa Elizeth Cardoso eu vou colocando aqui este compacto do selo Copacabana, lan\u00e7ado em 1973 e trazendo como o pr\u00f3prio nome diz, quatro sambas &hellip; <a href=\"https:\/\/www.toque-musicall.com\/?p=7631\">Continue lendo <span class=\"meta-nav\">&rarr;<\/span><\/a><\/p>\n","protected":false},"author":1,"featured_media":0,"comment_status":"closed","ping_status":"closed","sticky":false,"template":"","format":"standard","meta":{"footnotes":""},"categories":[3777,690,93,248,2249,152],"tags":[3779,3072,3562,3778,3108],"class_list":["post-7631","post","type-post","status-publish","format-standard","hentry","category-adeilton-alves","category-benito-di-paula","category-compactos","category-elizeth-cardoso","category-noriel-vilela","category-selo-copacabana","tag-adeilton-alves","tag-compactos","tag-elizeth-cardoso","tag-noriel-vilela","tag-selo-copacabana"],"_links":{"self":[{"href":"https:\/\/www.toque-musicall.com\/index.php?rest_route=\/wp\/v2\/posts\/7631","targetHints":{"allow":["GET"]}}],"collection":[{"href":"https:\/\/www.toque-musicall.com\/index.php?rest_route=\/wp\/v2\/posts"}],"about":[{"href":"https:\/\/www.toque-musicall.com\/index.php?rest_route=\/wp\/v2\/types\/post"}],"author":[{"embeddable":true,"href":"https:\/\/www.toque-musicall.com\/index.php?rest_route=\/wp\/v2\/users\/1"}],"replies":[{"embeddable":true,"href":"https:\/\/www.toque-musicall.com\/index.php?rest_route=%2Fwp%2Fv2%2Fcomments&post=7631"}],"version-history":[{"count":1,"href":"https:\/\/www.toque-musicall.com\/index.php?rest_route=\/wp\/v2\/posts\/7631\/revisions"}],"predecessor-version":[{"id":7632,"href":"https:\/\/www.toque-musicall.com\/index.php?rest_route=\/wp\/v2\/posts\/7631\/revisions\/7632"}],"wp:attachment":[{"href":"https:\/\/www.toque-musicall.com\/index.php?rest_route=%2Fwp%2Fv2%2Fmedia&parent=7631"}],"wp:term":[{"taxonomy":"category","embeddable":true,"href":"https:\/\/www.toque-musicall.com\/index.php?rest_route=%2Fwp%2Fv2%2Fcategories&post=7631"},{"taxonomy":"post_tag","embeddable":true,"href":"https:\/\/www.toque-musicall.com\/index.php?rest_route=%2Fwp%2Fv2%2Ftags&post=7631"}],"curies":[{"name":"wp","href":"https:\/\/api.w.org\/{rel}","templated":true}]}}