{"id":7633,"date":"2020-07-18T20:10:00","date_gmt":"2020-07-18T23:10:00","guid":{"rendered":"http:\/\/www.toque-musicall.com\/?p=7633"},"modified":"2020-07-20T20:13:15","modified_gmt":"2020-07-20T23:13:15","slug":"os-demonios-da-garoa-compacto-1968","status":"publish","type":"post","link":"https:\/\/www.toque-musicall.com\/?p=7633","title":{"rendered":"Os Dem\u00f4nios Da Garoa &#8211; Compacto (1968)"},"content":{"rendered":"\n<figure class=\"wp-block-image size-large\"><img decoding=\"async\" src=\"https:\/\/1.bp.blogspot.com\/-TtQ7R0eryfU\/XxTepkc6zII\/AAAAAAAARmo\/97nDUU6ARvoujES0MrTMXvx9tKNh7kH6gCLcBGAsYHQ\/s640\/Anota%25C3%25A7%25C3%25A3o%2B2020-07-19%2B201018.jpg\" alt=\"\"\/><\/figure>\n\n\n\n<figure class=\"wp-block-image size-large\"><img decoding=\"async\" src=\"https:\/\/1.bp.blogspot.com\/-fEO7jhOemyU\/XxTeprtTWCI\/AAAAAAAARms\/VIm1gHCvoRoMDrtrFRmELOgxF6pd0OgOQCLcBGAsYHQ\/s640\/Anota%25C3%25A7%25C3%25A3o%2B2020-07-19%2B201045.jpg\" alt=\"\"\/><\/figure>\n\n\n<p>Ol\u00e1, meus amigos cultos e ocultos, boa noite! Aproveitando a &#8216;deixa&#8217;, j\u00e1 que puxei os compactos&#8230; Nesta semana, peguei uns compactos emprestados, na verdade discos que um amigo vendeu para outro amigo e eu fiquei de fazer a entrega. S\u00f3 que antes, digitalizei todos para entrarem na nossa programa\u00e7\u00e3o. Tem tudo a ver com o nosso Toque Musical. V\u00e3o vendo e ouvindo&#8230;<br \/>Aqui temos Os Dem\u00f4nios da Garoa neste disquinho, compacto simples, lan\u00e7ado pela Chantecler em 1968 e trazendo dois sucessos, a marchinha &#8220;\u00d3i n\u00f3is aqui tra veis&#8221;, Geraldo Blota e Joseval Peixoto e o samba &#8220;Vila Esperan\u00e7a&#8221;, do genial Adoniran Barbosa. N\u00e3o deixem de conferir no nosso GTM&#8230;<\/p>\n<div>\u00f3i n\u00f3is aqui tra veis<\/div>\n<div>vila esperan\u00e7a<\/div>\n<p><br \/><br \/>.<\/p>","protected":false},"excerpt":{"rendered":"<p>Ol\u00e1, meus amigos cultos e ocultos, boa noite! Aproveitando a &#8216;deixa&#8217;, j\u00e1 que puxei os compactos&#8230; Nesta semana, peguei uns compactos emprestados, na verdade discos que um amigo vendeu para outro amigo e eu fiquei de fazer a entrega. S\u00f3 &hellip; <a href=\"https:\/\/www.toque-musicall.com\/?p=7633\">Continue lendo <span class=\"meta-nav\">&rarr;<\/span><\/a><\/p>\n","protected":false},"author":1,"featured_media":0,"comment_status":"closed","ping_status":"closed","sticky":false,"template":"","format":"standard","meta":{"footnotes":""},"categories":[93,1256,217],"tags":[3072,3780,3073],"class_list":["post-7633","post","type-post","status-publish","format-standard","hentry","category-compactos","category-os-demonios-da-garoa","category-selo-chantecler","tag-compactos","tag-os-demonios-da-garoa","tag-selo-chantecler"],"_links":{"self":[{"href":"https:\/\/www.toque-musicall.com\/index.php?rest_route=\/wp\/v2\/posts\/7633","targetHints":{"allow":["GET"]}}],"collection":[{"href":"https:\/\/www.toque-musicall.com\/index.php?rest_route=\/wp\/v2\/posts"}],"about":[{"href":"https:\/\/www.toque-musicall.com\/index.php?rest_route=\/wp\/v2\/types\/post"}],"author":[{"embeddable":true,"href":"https:\/\/www.toque-musicall.com\/index.php?rest_route=\/wp\/v2\/users\/1"}],"replies":[{"embeddable":true,"href":"https:\/\/www.toque-musicall.com\/index.php?rest_route=%2Fwp%2Fv2%2Fcomments&post=7633"}],"version-history":[{"count":1,"href":"https:\/\/www.toque-musicall.com\/index.php?rest_route=\/wp\/v2\/posts\/7633\/revisions"}],"predecessor-version":[{"id":7634,"href":"https:\/\/www.toque-musicall.com\/index.php?rest_route=\/wp\/v2\/posts\/7633\/revisions\/7634"}],"wp:attachment":[{"href":"https:\/\/www.toque-musicall.com\/index.php?rest_route=%2Fwp%2Fv2%2Fmedia&parent=7633"}],"wp:term":[{"taxonomy":"category","embeddable":true,"href":"https:\/\/www.toque-musicall.com\/index.php?rest_route=%2Fwp%2Fv2%2Fcategories&post=7633"},{"taxonomy":"post_tag","embeddable":true,"href":"https:\/\/www.toque-musicall.com\/index.php?rest_route=%2Fwp%2Fv2%2Ftags&post=7633"}],"curies":[{"name":"wp","href":"https:\/\/api.w.org\/{rel}","templated":true}]}}