{"id":7639,"date":"2020-07-20T21:06:34","date_gmt":"2020-07-21T00:06:34","guid":{"rendered":"http:\/\/www.toque-musicall.com\/?p=7639"},"modified":"2020-07-20T21:06:34","modified_gmt":"2020-07-21T00:06:34","slug":"toque-musical-13-anos-com-voce","status":"publish","type":"post","link":"https:\/\/www.toque-musicall.com\/?p=7639","title":{"rendered":"Toque Musical &#8211; 13 Anos com voc\u00ea!"},"content":{"rendered":"\n<figure class=\"wp-block-image size-large\"><img decoding=\"async\" src=\"https:\/\/1.bp.blogspot.com\/-ny-K7QTvWwM\/XxYvsBvDPTI\/AAAAAAAARnw\/jG_L8yXHQJ4ThNzPf-nURrZWC4mr7Bp_ACLcBGAsYHQ\/w625-h489\/TOQUE-%2Bm%25C3%25A3o%2B13%2Banos%2B-%2Bcorte.jpg\" alt=\"\"\/><\/figure>\n\n\n<div class=\"separator\">13 anos s\u00f3 podia mesmo acontecer em 2020, o ano perdido. Mas n\u00f3s n\u00e3o estamos perdidos, n\u00e9?\u00a0<\/div>\n<div class=\"separator\">Continuamos sempre ativos para quem escuta m\u00fasica com outros ouvidos.<\/div>\n<div class=\"separator\">Dia 30 de julho o Toque Musical completa 13 anos!<\/div>\n<div class=\"separator\">\ud83d\ude42<\/div>","protected":false},"excerpt":{"rendered":"<p>13 anos s\u00f3 podia mesmo acontecer em 2020, o ano perdido. Mas n\u00f3s n\u00e3o estamos perdidos, n\u00e9?\u00a0 Continuamos sempre ativos para quem escuta m\u00fasica com outros ouvidos. Dia 30 de julho o Toque Musical completa 13 anos! \ud83d\ude42<\/p>\n","protected":false},"author":1,"featured_media":0,"comment_status":"closed","ping_status":"closed","sticky":false,"template":"","format":"standard","meta":{"footnotes":""},"categories":[658,3781],"tags":[3134,3782],"class_list":["post-7639","post","type-post","status-publish","format-standard","hentry","category-extras","category-toque-musical-13-anos","tag-extras","tag-toque-musical-13-anos"],"_links":{"self":[{"href":"https:\/\/www.toque-musicall.com\/index.php?rest_route=\/wp\/v2\/posts\/7639","targetHints":{"allow":["GET"]}}],"collection":[{"href":"https:\/\/www.toque-musicall.com\/index.php?rest_route=\/wp\/v2\/posts"}],"about":[{"href":"https:\/\/www.toque-musicall.com\/index.php?rest_route=\/wp\/v2\/types\/post"}],"author":[{"embeddable":true,"href":"https:\/\/www.toque-musicall.com\/index.php?rest_route=\/wp\/v2\/users\/1"}],"replies":[{"embeddable":true,"href":"https:\/\/www.toque-musicall.com\/index.php?rest_route=%2Fwp%2Fv2%2Fcomments&post=7639"}],"version-history":[{"count":1,"href":"https:\/\/www.toque-musicall.com\/index.php?rest_route=\/wp\/v2\/posts\/7639\/revisions"}],"predecessor-version":[{"id":7640,"href":"https:\/\/www.toque-musicall.com\/index.php?rest_route=\/wp\/v2\/posts\/7639\/revisions\/7640"}],"wp:attachment":[{"href":"https:\/\/www.toque-musicall.com\/index.php?rest_route=%2Fwp%2Fv2%2Fmedia&parent=7639"}],"wp:term":[{"taxonomy":"category","embeddable":true,"href":"https:\/\/www.toque-musicall.com\/index.php?rest_route=%2Fwp%2Fv2%2Fcategories&post=7639"},{"taxonomy":"post_tag","embeddable":true,"href":"https:\/\/www.toque-musicall.com\/index.php?rest_route=%2Fwp%2Fv2%2Ftags&post=7639"}],"curies":[{"name":"wp","href":"https:\/\/api.w.org\/{rel}","templated":true}]}}