{"id":764,"date":"2010-08-05T10:38:00","date_gmt":"2010-08-05T10:38:00","guid":{"rendered":"http:\/\/www.toque-musicall.com\/?p=764"},"modified":"2010-08-05T10:38:00","modified_gmt":"2010-08-05T10:38:00","slug":"ely-camargo-cancao-da-guitarra-1968","status":"publish","type":"post","link":"https:\/\/www.toque-musicall.com\/?p=764","title":{"rendered":"Ely Camargo &#8211; Can\u00e7\u00e3o Da Guitarra (1968)"},"content":{"rendered":"<p><a href=\"http:\/\/4.bp.blogspot.com\/_DSKVEvHtskc\/TFqU5eLy8TI\/AAAAAAAAG1k\/oAgs9YCpa-U\/s1600\/ely+camargo+P.JPG\"><img decoding=\"async\" style=\"TEXT-ALIGN: center; MARGIN: 0px auto 10px; WIDTH: 400px; DISPLAY: block; HEIGHT: 400px; CURSOR: hand\" id=\"BLOGGER_PHOTO_ID_5501873609862476082\" border=\"0\" alt=\"\" src=\"http:\/\/4.bp.blogspot.com\/_DSKVEvHtskc\/TFqU5eLy8TI\/AAAAAAAAG1k\/oAgs9YCpa-U\/s400\/ely+camargo+P.JPG\" \/><\/a> Seguindo a semana, que passou t\u00e3o depressa, vou postando aqui mais um disco da Ely Camargo. Adoro essa artista e tenho certeza que muita gente tamb\u00e9m gosta. Os que n\u00e3o fazem parte desse grupo s\u00e3o talvez aqueles que ainda n\u00e3o abriram os olhos e ouvidos para conhecer melhor o seu trabalho. Ely \u00e9 uma das mais importantes artista folclorista do Brasil e injustamente uma das menos lembradas. Neste disco de 1968, lan\u00e7ado pelo selo Chantecler, Ely nos apresenta um pouco da obra do compositor Marcelo Tupinamb\u00e1. Este por sua vez, tamb\u00e9m \u00e9 outro artista da nossa m\u00fasica, pouqu\u00edssimo lembrado, principalmente nos dias de hoje. Coincidentemente, seu verdadeiro nome era Fernando Lobo, igual ao outro compositor, pai de Edu Lobo. Ele adotou esse pseud\u00f4nimo para continuar exercendo, paralelo \u00e0 m\u00fasica, sua forma\u00e7\u00e3o em engenharia. S\u00f3 mesmo quem estuda m\u00fasica e hist\u00f3ria est\u00e1 a par dessas hist\u00f3rias e de quem s\u00e3o ou foram os verdadeiros nomes da m\u00fasica brasileira na primeira metade do s\u00e9culo XX. Marcelo Tupinamb\u00e1, talvez pela dist\u00e2ncia no tempo, talvez pelos g\u00eaneros trabalhados, hoje em dia fique mesmo no limbo, esquecido. Sua obra \u00e9 muito abrangente, vai do erudito ao popular. Em &#8220;Can\u00e7\u00e3o da Guitarra&#8221;, Ely Camargo nos mostra uma faceta mais descontraida do artista. Temos no lp 14 belas m\u00fasicas, que v\u00e3o de batuque, can\u00e7\u00e3o, toada, valsa, maxixe e tanguinho. A interpreta\u00e7\u00e3o de Ely Camargo d\u00e1 \u00e0s m\u00fasicas de Marcelo Tupinamb\u00e1 um aspecto mais &#8216;folk&#8217; e porque n\u00e3o dizer, at\u00e9 mais agrad\u00e1veis. Sem d\u00favida, um bel\u00edssimo disco, tem que conferir&#8230;<\/p>\n<p><\/p>\n<div><\/div>\n<div align=\"center\">toada<\/div>\n<div align=\"center\">can\u00e7\u00e3o da guitarra<\/div>\n<div align=\"center\">soldadinhos de chumbo<\/div>\n<div align=\"center\">angelus<\/div>\n<div align=\"center\">a vida \u00e9 essa<\/div>\n<div align=\"center\">fandango<\/div>\n<div align=\"center\">noite de encanto<\/div>\n<div align=\"center\">trigueira<\/div>\n<div align=\"center\">o cigano<\/div>\n<div align=\"center\">viola cantadeira<\/div>\n<div align=\"center\">batuque<\/div>\n<div align=\"center\">coisa ruim<\/div>\n<div align=\"center\">minh&#8217;alma<\/div>\n<div align=\"center\">esperan\u00e7a v\u00e3<\/div>\n<div align=\"center\"><\/div>\n<div align=\"center\"><\/div>\n","protected":false},"excerpt":{"rendered":"<p>Seguindo a semana, que passou t\u00e3o depressa, vou postando aqui mais um disco da Ely Camargo. Adoro essa artista e tenho certeza que muita gente tamb\u00e9m gosta. Os que n\u00e3o fazem parte desse grupo s\u00e3o talvez aqueles que ainda n\u00e3o &hellip; <a href=\"https:\/\/www.toque-musicall.com\/?p=764\">Continue lendo <span class=\"meta-nav\">&rarr;<\/span><\/a><\/p>\n","protected":false},"author":1,"featured_media":0,"comment_status":"open","ping_status":"closed","sticky":false,"template":"","format":"standard","meta":{"footnotes":""},"categories":[787],"tags":[],"class_list":["post-764","post","type-post","status-publish","format-standard","hentry","category-ely-camargo"],"_links":{"self":[{"href":"https:\/\/www.toque-musicall.com\/index.php?rest_route=\/wp\/v2\/posts\/764","targetHints":{"allow":["GET"]}}],"collection":[{"href":"https:\/\/www.toque-musicall.com\/index.php?rest_route=\/wp\/v2\/posts"}],"about":[{"href":"https:\/\/www.toque-musicall.com\/index.php?rest_route=\/wp\/v2\/types\/post"}],"author":[{"embeddable":true,"href":"https:\/\/www.toque-musicall.com\/index.php?rest_route=\/wp\/v2\/users\/1"}],"replies":[{"embeddable":true,"href":"https:\/\/www.toque-musicall.com\/index.php?rest_route=%2Fwp%2Fv2%2Fcomments&post=764"}],"version-history":[{"count":0,"href":"https:\/\/www.toque-musicall.com\/index.php?rest_route=\/wp\/v2\/posts\/764\/revisions"}],"wp:attachment":[{"href":"https:\/\/www.toque-musicall.com\/index.php?rest_route=%2Fwp%2Fv2%2Fmedia&parent=764"}],"wp:term":[{"taxonomy":"category","embeddable":true,"href":"https:\/\/www.toque-musicall.com\/index.php?rest_route=%2Fwp%2Fv2%2Fcategories&post=764"},{"taxonomy":"post_tag","embeddable":true,"href":"https:\/\/www.toque-musicall.com\/index.php?rest_route=%2Fwp%2Fv2%2Ftags&post=764"}],"curies":[{"name":"wp","href":"https:\/\/api.w.org\/{rel}","templated":true}]}}