{"id":7643,"date":"2020-07-22T21:33:00","date_gmt":"2020-07-23T00:33:00","guid":{"rendered":"http:\/\/www.toque-musicall.com\/?p=7643"},"modified":"2020-07-25T07:46:03","modified_gmt":"2020-07-25T10:46:03","slug":"assis-cabral-no-samba-1980","status":"publish","type":"post","link":"https:\/\/www.toque-musicall.com\/?p=7643","title":{"rendered":"Assis Cabral &#8211; No Samba (1980)"},"content":{"rendered":"\n<figure class=\"wp-block-image size-large\"><img decoding=\"async\" src=\"https:\/\/1.bp.blogspot.com\/-uOYXL_V6i6E\/XxjEcJfHJaI\/AAAAAAAARoA\/Z1yIa3HJ13EjUJ536nWN6H7XN6Cj78b9ACLcBGAsYHQ\/s640\/Anota%25C3%25A7%25C3%25A3o%2B2020-07-19%2B201534.jpg\" alt=\"\"\/><\/figure>\n\n\n\n<figure class=\"wp-block-image size-large\"><img decoding=\"async\" src=\"https:\/\/1.bp.blogspot.com\/-uGANFHrxx0k\/XxjEb0IN-HI\/AAAAAAAARn8\/j2TeOV_tB2o5_sB9NZEnNvo57m7jryWYwCLcBGAsYHQ\/s640\/Anota%25C3%25A7%25C3%25A3o%2B2020-07-19%2B201600.jpg\" alt=\"\"\/><\/figure>\n\n\n<p>Boa noite, meus caros amigos cultos e ocultos! Nadando na onda dos discos compactos, os de 7 polegadas, temos hoje mais um disquinho bacana. Quem n\u00e3o conhece e v\u00ea apenas pela capa h\u00e1 de pensar que este \u00e9 mais um capricho de algum artista amador, uma produ\u00e7\u00e3o independente sem&nbsp; grandes atrativos. Mas \u00e9 a\u00ed que mora o engano. Nunca devemos julgar s\u00f3 pela apar\u00eancia, ou no caso pela capa (que por sinal eu achei bem apropriada). Nosso artista \u00e9 Assis Cabral, cantor e compositor que eu tamb\u00e9m, ainda h\u00e1 pouco n\u00e3o conhecia. Fui checar no Google, mas sobre ele quase nada se pode saber al\u00e9m de que j\u00e1 havia gravado outros discos, sempre na linha do samba, forr\u00f3 e frevo. N\u00e3o deu para certificar, mas o cabra parece ser pernambucano. Digo isso porque seus discos foram gravados de maneira independente no est\u00fadio da gravadora pernambucana Rozenblit. Achei tamb\u00e9m uns v\u00eddeos dele no Youtube e pelo jeit\u00e3o ele deve ser mesmo um nordestino da gema.<br>Neste compacto duplo temos dele quatro m\u00fasicas, sendo que de samba mesmo s\u00e3o s\u00f3 as duas da face B e por sinal dois sambas arretados que bem nos lembra os sambas dos anos 50 e 60, tipo samba de gafieira, muito legal. Na face A, para n\u00e3o variar, \u00e9 s\u00f3 forr\u00f3. Quer conhecer, chega junto&#8230; Confira no GTM&#8230;<\/p>\n<div>garoto do sert\u00e3o<\/div>\n<div>pode balan\u00e7ar<\/div>\n<div>fiquei na m\u00e3o<\/div>\n<div>n\u00e3o sofro mais<\/div>\n<p>.<\/p>","protected":false},"excerpt":{"rendered":"<p>Boa noite, meus caros amigos cultos e ocultos! Nadando na onda dos discos compactos, os de 7 polegadas, temos hoje mais um disquinho bacana. Quem n\u00e3o conhece e v\u00ea apenas pela capa h\u00e1 de pensar que este \u00e9 mais um &hellip; <a href=\"https:\/\/www.toque-musicall.com\/?p=7643\">Continue lendo <span class=\"meta-nav\">&rarr;<\/span><\/a><\/p>\n","protected":false},"author":1,"featured_media":0,"comment_status":"closed","ping_status":"closed","sticky":false,"template":"","format":"standard","meta":{"footnotes":""},"categories":[3783,93,25],"tags":[3784,3072,3017],"class_list":["post-7643","post","type-post","status-publish","format-standard","hentry","category-assis-cabral","category-compactos","category-selo-independente","tag-assis-cabral","tag-compactos","tag-selo-independente"],"_links":{"self":[{"href":"https:\/\/www.toque-musicall.com\/index.php?rest_route=\/wp\/v2\/posts\/7643","targetHints":{"allow":["GET"]}}],"collection":[{"href":"https:\/\/www.toque-musicall.com\/index.php?rest_route=\/wp\/v2\/posts"}],"about":[{"href":"https:\/\/www.toque-musicall.com\/index.php?rest_route=\/wp\/v2\/types\/post"}],"author":[{"embeddable":true,"href":"https:\/\/www.toque-musicall.com\/index.php?rest_route=\/wp\/v2\/users\/1"}],"replies":[{"embeddable":true,"href":"https:\/\/www.toque-musicall.com\/index.php?rest_route=%2Fwp%2Fv2%2Fcomments&post=7643"}],"version-history":[{"count":2,"href":"https:\/\/www.toque-musicall.com\/index.php?rest_route=\/wp\/v2\/posts\/7643\/revisions"}],"predecessor-version":[{"id":7645,"href":"https:\/\/www.toque-musicall.com\/index.php?rest_route=\/wp\/v2\/posts\/7643\/revisions\/7645"}],"wp:attachment":[{"href":"https:\/\/www.toque-musicall.com\/index.php?rest_route=%2Fwp%2Fv2%2Fmedia&parent=7643"}],"wp:term":[{"taxonomy":"category","embeddable":true,"href":"https:\/\/www.toque-musicall.com\/index.php?rest_route=%2Fwp%2Fv2%2Fcategories&post=7643"},{"taxonomy":"post_tag","embeddable":true,"href":"https:\/\/www.toque-musicall.com\/index.php?rest_route=%2Fwp%2Fv2%2Ftags&post=7643"}],"curies":[{"name":"wp","href":"https:\/\/api.w.org\/{rel}","templated":true}]}}