{"id":7647,"date":"2020-07-21T07:37:00","date_gmt":"2020-07-21T10:37:00","guid":{"rendered":"http:\/\/www.toque-musicall.com\/?p=7647"},"modified":"2020-07-25T07:40:03","modified_gmt":"2020-07-25T10:40:03","slug":"grupo-pausa-cantiga-de-um-caboclo-acabrunhado-1986","status":"publish","type":"post","link":"https:\/\/www.toque-musicall.com\/?p=7647","title":{"rendered":"Grupo Pausa &#8211; Cantiga De Um Caboclo Acabrunhado (1986)"},"content":{"rendered":"\n<figure class=\"wp-block-image size-large\"><img decoding=\"async\" src=\"https:\/\/1.bp.blogspot.com\/-pDtaQ-hQWRI\/Xxju62UYP6I\/AAAAAAAARog\/vPNXeNTnihsZeqxDLSMwxrgRSCzmSLO-wCLcBGAsYHQ\/s640\/Anota%25C3%25A7%25C3%25A3o%2B2020-07-19%2B204727.jpg\" alt=\"\"\/><\/figure>\n\n\n\n<figure class=\"wp-block-image size-large\"><img decoding=\"async\" src=\"https:\/\/1.bp.blogspot.com\/-0Xinu2VmBwk\/XxjvB4ONLFI\/AAAAAAAARoo\/zRt3XqGC7E8hkAxUqezgO8mYeShhSGR0ACLcBGAsYHQ\/s640\/Anota%25C3%25A7%25C3%25A3o%2B2020-07-19%2B204408.jpg\" alt=\"\"\/><\/figure>\n\n\n<p>Caros amigos cultos e ocultos, boa noite! Eis que hoje temos aqui um disco com o Grupo Pausa, vencedor do Festival Itabirano da Can\u00e7\u00e3o. Um evento que aconteceu ao longo de tr\u00eas dias de julho de 1986 na cidade de Itabira, Minas Gerais. Neste festival o Grupo Pausa levou o primeiro lugar com a m\u00fasica &#8220;Cantiga de um caboclo acabrunhado&#8221;. Como parte da premia\u00e7\u00e3o ganhou a chance de gravar este disco, o qual embora seja um vinil de 12 polegadas, tem apenas duas can\u00e7\u00f5es. (Nos anos 80 o compacto foi gradativamente dando lugar o disco no formato lp, foi quando apareceram os discos mix, EPs)&#8230;<\/p>\n<div>cantiga de um caboclo acabrunhado<\/div>\n<div>boi balaio<\/div>\n<p><br \/>.<\/p>","protected":false},"excerpt":{"rendered":"<p>Caros amigos cultos e ocultos, boa noite! Eis que hoje temos aqui um disco com o Grupo Pausa, vencedor do Festival Itabirano da Can\u00e7\u00e3o. Um evento que aconteceu ao longo de tr\u00eas dias de julho de 1986 na cidade de &hellip; <a href=\"https:\/\/www.toque-musicall.com\/?p=7647\">Continue lendo <span class=\"meta-nav\">&rarr;<\/span><\/a><\/p>\n","protected":false},"author":1,"featured_media":0,"comment_status":"closed","ping_status":"closed","sticky":false,"template":"","format":"standard","meta":{"footnotes":""},"categories":[278,3786,25],"tags":[3364,3785,3017],"class_list":["post-7647","post","type-post","status-publish","format-standard","hentry","category-festivais","category-grupo-pausa","category-selo-independente","tag-festivais","tag-grupo-pausa","tag-selo-independente"],"_links":{"self":[{"href":"https:\/\/www.toque-musicall.com\/index.php?rest_route=\/wp\/v2\/posts\/7647","targetHints":{"allow":["GET"]}}],"collection":[{"href":"https:\/\/www.toque-musicall.com\/index.php?rest_route=\/wp\/v2\/posts"}],"about":[{"href":"https:\/\/www.toque-musicall.com\/index.php?rest_route=\/wp\/v2\/types\/post"}],"author":[{"embeddable":true,"href":"https:\/\/www.toque-musicall.com\/index.php?rest_route=\/wp\/v2\/users\/1"}],"replies":[{"embeddable":true,"href":"https:\/\/www.toque-musicall.com\/index.php?rest_route=%2Fwp%2Fv2%2Fcomments&post=7647"}],"version-history":[{"count":1,"href":"https:\/\/www.toque-musicall.com\/index.php?rest_route=\/wp\/v2\/posts\/7647\/revisions"}],"predecessor-version":[{"id":7648,"href":"https:\/\/www.toque-musicall.com\/index.php?rest_route=\/wp\/v2\/posts\/7647\/revisions\/7648"}],"wp:attachment":[{"href":"https:\/\/www.toque-musicall.com\/index.php?rest_route=%2Fwp%2Fv2%2Fmedia&parent=7647"}],"wp:term":[{"taxonomy":"category","embeddable":true,"href":"https:\/\/www.toque-musicall.com\/index.php?rest_route=%2Fwp%2Fv2%2Fcategories&post=7647"},{"taxonomy":"post_tag","embeddable":true,"href":"https:\/\/www.toque-musicall.com\/index.php?rest_route=%2Fwp%2Fv2%2Ftags&post=7647"}],"curies":[{"name":"wp","href":"https:\/\/api.w.org\/{rel}","templated":true}]}}