{"id":7656,"date":"2020-07-24T14:22:00","date_gmt":"2020-07-24T17:22:00","guid":{"rendered":"http:\/\/www.toque-musicall.com\/?p=7656"},"modified":"2020-07-25T14:27:33","modified_gmt":"2020-07-25T17:27:33","slug":"marcio-greyck-1967","status":"publish","type":"post","link":"https:\/\/www.toque-musicall.com\/?p=7656","title":{"rendered":"M\u00e1rcio Greyck (1967)"},"content":{"rendered":"\n<figure class=\"wp-block-image size-large\"><img decoding=\"async\" src=\"https:\/\/1.bp.blogspot.com\/-U-EKMERGIKQ\/XxwaYlK8g8I\/AAAAAAAARp4\/6KEzNqvjwg8mu0uawT7ynvIzf3CuyqxjQCLcBGAsYHQ\/s640\/Anota%25C3%25A7%25C3%25A3o%2B2020-07-20%2B232649.jpg\" alt=\"\"\/><\/figure>\n\n\n\n<figure class=\"wp-block-image size-large\"><img decoding=\"async\" src=\"https:\/\/1.bp.blogspot.com\/-o4qhxB5B2bk\/XxwaYkN4TmI\/AAAAAAAARp8\/OiR2lD1GYrsMrXqRUeRg-uppzT3pR-rggCLcBGAsYHQ\/s640\/Anota%25C3%25A7%25C3%25A3o%2B2020-07-20%2B232732.jpg\" alt=\"\"\/><\/figure>\n\n\n<p>Bom dia, amigos cultos e ocultos! Como uma coisa sempre leva a outra, sa\u00edmos do rom\u00e2ntico Agnaldo Rayol e vamos para o rom\u00e2ntico moderninho M\u00e1rcio Greyck. De uma certa forma todos os dois tamb\u00e9m orbitavam pela, ent\u00e3o em voga, Jovem Guarda. Tempos de modernidades rom\u00e2nticas, por certo!<br \/>Aqui temos o cantor mineiro M\u00e1rcio Greyck em seu primeiro disco, lan\u00e7ado pela Polydor, em 1967, na efervesc\u00eancia a m\u00fasica jovem e em especial, dos Beatles, onde ele se apoia em vers\u00f5es que por aqui chegaram a fazer mais sucesso do que os originais. Convenhamos, muita gente conheceu Beatles foi atrav\u00e9s de vers\u00f5es. Mas aqui o M\u00e1rcio Greyck n\u00e3o fica s\u00f3 nos sucessos dos rapazes de Liverpool, tem tamb\u00e9m outras vers\u00f5es de hits internacionais e tamb\u00e9m composi\u00e7\u00e3o pr\u00f3pria, autoral. Este disco abriu as portas para o cantor. Al\u00e9m do mais, era um tipo boa pinta, olhos claros, bem ao gosto do padr\u00e3o comercial. Garantiu desde ent\u00e3o seu espa\u00e7o nessa onda musical. Ao longo de quatro d\u00e9cadas ele esteve sempre muito atuante. Acredito que ainda hoje continue colhendo frutos de seus trabalhos. Pelo que sei, ele atualmente mora em Belo Horizonte. Confiram no GTM&#8230;<\/p>\n<div>ela me deixou chorando<\/div>\n<div>se voc\u00ea quiser o meu amor<\/div>\n<div>ela n\u00e3o vem mais<\/div>\n<div>venha sorrido<\/div>\n<div>quero ser livre<\/div>\n<div>gosto de voc\u00ea e voc\u00ea de mim tamb\u00e9m<\/div>\n<div>minha menina<\/div>\n<div>s\u00f3 sei olhar pra voc\u00ea<\/div>\n<div>sempre vou te amar<\/div>\n<div>como um dia a nascer<\/div>\n<div>penny lane<\/div>\n<p>.<\/p>","protected":false},"excerpt":{"rendered":"<p>Bom dia, amigos cultos e ocultos! Como uma coisa sempre leva a outra, sa\u00edmos do rom\u00e2ntico Agnaldo Rayol e vamos para o rom\u00e2ntico moderninho M\u00e1rcio Greyck. De uma certa forma todos os dois tamb\u00e9m orbitavam pela, ent\u00e3o em voga, Jovem &hellip; <a href=\"https:\/\/www.toque-musicall.com\/?p=7656\">Continue lendo <span class=\"meta-nav\">&rarr;<\/span><\/a><\/p>\n","protected":false},"author":1,"featured_media":0,"comment_status":"closed","ping_status":"closed","sticky":false,"template":"","format":"standard","meta":{"footnotes":""},"categories":[3789,146],"tags":[3790,3057],"class_list":["post-7656","post","type-post","status-publish","format-standard","hentry","category-marcio-greyck","category-selo-polydor","tag-marcio-greyck","tag-selo-polydor"],"_links":{"self":[{"href":"https:\/\/www.toque-musicall.com\/index.php?rest_route=\/wp\/v2\/posts\/7656","targetHints":{"allow":["GET"]}}],"collection":[{"href":"https:\/\/www.toque-musicall.com\/index.php?rest_route=\/wp\/v2\/posts"}],"about":[{"href":"https:\/\/www.toque-musicall.com\/index.php?rest_route=\/wp\/v2\/types\/post"}],"author":[{"embeddable":true,"href":"https:\/\/www.toque-musicall.com\/index.php?rest_route=\/wp\/v2\/users\/1"}],"replies":[{"embeddable":true,"href":"https:\/\/www.toque-musicall.com\/index.php?rest_route=%2Fwp%2Fv2%2Fcomments&post=7656"}],"version-history":[{"count":2,"href":"https:\/\/www.toque-musicall.com\/index.php?rest_route=\/wp\/v2\/posts\/7656\/revisions"}],"predecessor-version":[{"id":7658,"href":"https:\/\/www.toque-musicall.com\/index.php?rest_route=\/wp\/v2\/posts\/7656\/revisions\/7658"}],"wp:attachment":[{"href":"https:\/\/www.toque-musicall.com\/index.php?rest_route=%2Fwp%2Fv2%2Fmedia&parent=7656"}],"wp:term":[{"taxonomy":"category","embeddable":true,"href":"https:\/\/www.toque-musicall.com\/index.php?rest_route=%2Fwp%2Fv2%2Fcategories&post=7656"},{"taxonomy":"post_tag","embeddable":true,"href":"https:\/\/www.toque-musicall.com\/index.php?rest_route=%2Fwp%2Fv2%2Ftags&post=7656"}],"curies":[{"name":"wp","href":"https:\/\/api.w.org\/{rel}","templated":true}]}}