{"id":7659,"date":"2020-07-25T14:33:17","date_gmt":"2020-07-25T17:33:17","guid":{"rendered":"http:\/\/www.toque-musicall.com\/?p=7659"},"modified":"2020-07-25T14:33:17","modified_gmt":"2020-07-25T17:33:17","slug":"juventude-e-ternura-tso-1968","status":"publish","type":"post","link":"https:\/\/www.toque-musicall.com\/?p=7659","title":{"rendered":"Juventude E Ternura &#8211; TSO (1968)"},"content":{"rendered":"\n<figure class=\"wp-block-image size-large\"><img decoding=\"async\" src=\"https:\/\/1.bp.blogspot.com\/-x8Waexwtoog\/XxxhRqtopfI\/AAAAAAAARqM\/imDez0_VpH8TYyHzBmQ4kN3qwzKeaE1gwCLcBGAsYHQ\/s640\/Anota%25C3%25A7%25C3%25A3o%2B2020-07-25%2B134112.jpg\" alt=\"\"\/><\/figure>\n\n\n\n<figure class=\"wp-block-image size-large\"><img decoding=\"async\" src=\"https:\/\/1.bp.blogspot.com\/-CmV4TJdbNRg\/XxxhSOdoiUI\/AAAAAAAARqQ\/FhVlXBBRijY4C_Iztm8U3ieMXV6XCnTtQCLcBGAsYHQ\/s640\/Anota%25C3%25A7%25C3%25A3o%2B2020-07-25%2B134215.jpg\" alt=\"\"\/><\/figure>\n\n\n\n\n<p>E a\u00ed, amiguinhos cultos e ocultos, tudo bem? Ainda nas ondas da Jovem Guarda eu hoje trago para voc\u00eas uma trilha rara. Trilha de filme, \u00e9 bom dizer. Extra\u00edda do ba\u00fa do amigo Chico e seu saudoso blog Sintonia Musikal e com os toques e retoques do outro amigo, o Denys, que andou refazendo as artes da capa e tamb\u00e9m o conte\u00fado sonoro. Agora encaminha para n\u00f3s e eu vou logo postando aqui para o deleite de todos. Obrigado, Chico! E obrigado Denys!<br \/>Segue ent\u00e3o a trilha sonora do filme &#8220;Juventude e Ternura&#8221;, estreado em 1968, tendo a cantora Wanderl\u00e9a e o ator Anselmo Duarte como os protagonistas dessa hist\u00f3ria. O conte\u00fado musical gira em torno da pr\u00f3pria cantora, mas tamb\u00e9m tem Ed Lincoln, Erlon Chaves, Caetano Veloso, Miriam Makeba e Os Vandecos. Se voc\u00eas ainda n\u00e3o tiveram a oportunidade de conhecer, eis aqui a vers\u00e3o definitiva e completa. Confiram no GTM&#8230;<\/p>\n<div>abertura &#8211; ed lincoln e erlon chaves orchestra<\/div>\n<div>o lago (le lac du come) &#8211; os vandecos<\/div>\n<div>ternura (somehow it got to be tomorrow) &#8211; wanderl\u00e9a<\/div>\n<div>suck&#8217;um up &#8211; don ho<\/div>\n<div>dancers theme (instrumental) &#8211; erlon chaves orchestra<\/div>\n<div>pata pata &#8211; miriam makeba<\/div>\n<div>te amo &#8211; wanderl\u00e9a<\/div>\n<div>alegria alegria &#8211; caetano veloso<\/div>\n<div>foi assim (instrumental) &#8211; erlon chaves orchestra<\/div>\n<div>foi assim (juventude e ternura) &#8211; wanderl\u00e9a<\/div>\n<div>prova de fogo &#8211; wanderl\u00e9a<\/div>\n<div>nunca mais &#8211; wanderl\u00e9a<\/div>\n<div>foi assim (reprise final) &#8211; wanderl\u00e9a<\/div>\n<p><br \/>.<\/p>","protected":false},"excerpt":{"rendered":"<p>E a\u00ed, amiguinhos cultos e ocultos, tudo bem? Ainda nas ondas da Jovem Guarda eu hoje trago para voc\u00eas uma trilha rara. Trilha de filme, \u00e9 bom dizer. Extra\u00edda do ba\u00fa do amigo Chico e seu saudoso blog Sintonia Musikal &hellip; <a href=\"https:\/\/www.toque-musicall.com\/?p=7659\">Continue lendo <span class=\"meta-nav\">&rarr;<\/span><\/a><\/p>\n","protected":false},"author":1,"featured_media":0,"comment_status":"closed","ping_status":"closed","sticky":false,"template":"","format":"standard","meta":{"footnotes":""},"categories":[136,1137,433,3791,346,1798],"tags":[3265,3513,3574,3023,3620],"class_list":["post-7659","post","type-post","status-publish","format-standard","hentry","category-caetano-veloso","category-ed-lincoln","category-erlon-chaves","category-os-vandecos","category-trilhas","category-wanderlea","tag-caetano-veloso","tag-ed-lincoln","tag-erlon-chaves","tag-trilhas","tag-wanderlea"],"_links":{"self":[{"href":"https:\/\/www.toque-musicall.com\/index.php?rest_route=\/wp\/v2\/posts\/7659","targetHints":{"allow":["GET"]}}],"collection":[{"href":"https:\/\/www.toque-musicall.com\/index.php?rest_route=\/wp\/v2\/posts"}],"about":[{"href":"https:\/\/www.toque-musicall.com\/index.php?rest_route=\/wp\/v2\/types\/post"}],"author":[{"embeddable":true,"href":"https:\/\/www.toque-musicall.com\/index.php?rest_route=\/wp\/v2\/users\/1"}],"replies":[{"embeddable":true,"href":"https:\/\/www.toque-musicall.com\/index.php?rest_route=%2Fwp%2Fv2%2Fcomments&post=7659"}],"version-history":[{"count":1,"href":"https:\/\/www.toque-musicall.com\/index.php?rest_route=\/wp\/v2\/posts\/7659\/revisions"}],"predecessor-version":[{"id":7660,"href":"https:\/\/www.toque-musicall.com\/index.php?rest_route=\/wp\/v2\/posts\/7659\/revisions\/7660"}],"wp:attachment":[{"href":"https:\/\/www.toque-musicall.com\/index.php?rest_route=%2Fwp%2Fv2%2Fmedia&parent=7659"}],"wp:term":[{"taxonomy":"category","embeddable":true,"href":"https:\/\/www.toque-musicall.com\/index.php?rest_route=%2Fwp%2Fv2%2Fcategories&post=7659"},{"taxonomy":"post_tag","embeddable":true,"href":"https:\/\/www.toque-musicall.com\/index.php?rest_route=%2Fwp%2Fv2%2Ftags&post=7659"}],"curies":[{"name":"wp","href":"https:\/\/api.w.org\/{rel}","templated":true}]}}