{"id":7661,"date":"2020-07-26T18:35:45","date_gmt":"2020-07-26T21:35:45","guid":{"rendered":"http:\/\/www.toque-musicall.com\/?p=7661"},"modified":"2020-07-26T18:35:45","modified_gmt":"2020-07-26T21:35:45","slug":"sergio-ricardo-compacto-1968","status":"publish","type":"post","link":"https:\/\/www.toque-musicall.com\/?p=7661","title":{"rendered":"S\u00e9rgio Ricardo &#8211; Compacto (1968)"},"content":{"rendered":"\n<figure class=\"wp-block-image size-large\"><img decoding=\"async\" src=\"https:\/\/1.bp.blogspot.com\/-jj-C2kIB-04\/Xx3wHCNFYbI\/AAAAAAAARqk\/DlheSprpTb4WCoUKxkb7U3MPtWYoJhchQCLcBGAsYHQ\/s640\/Anota%25C3%25A7%25C3%25A3o%2B2020-07-26%2B174730.jpg\" alt=\"\"\/><\/figure>\n\n\n\n<figure class=\"wp-block-image size-large\"><img decoding=\"async\" src=\"https:\/\/1.bp.blogspot.com\/-oRQHnR5rcYg\/Xx3wHVtqUEI\/AAAAAAAARqo\/48BVFUcgiFshiqeFC3LW57x-ApoAPOrsACLcBGAsYHQ\/s640\/Anota%25C3%25A7%25C3%25A3o%2B2020-07-26%2B174801.jpg\" alt=\"\"\/><\/figure>\n\n\n<p>Boa noite, amigos cultos e ocultos! Este ano n\u00e3o est\u00e1 f\u00e1cil de aguentar, heim?! J\u00e1 nem lembro mais quantos artistas da m\u00fasica partiram para o descanso eterno, ter\u00edamos que listar. Muito triste&#8230; E desta \u00faltima, l\u00e1 se foi o nosso querido S\u00e9rgio Ricardo, um artista que aqui at\u00e9 dispensa apresenta\u00e7\u00f5es pois j\u00e1 esteve presente em diversos de seus discos. E hoje e mais uma vez ele volta nessa nossa singela homenagem. Aqui temos um compacto simples de 68 onde est\u00e3o registradas &#8220;LuandaLuar&#8221;, que participou da Bienal do Samba no Rio de Janeiro de 1968 e &#8220;Girassol&#8221;, que concorreu ao Festival Nacional de M\u00fasica Popular Brasileira &#8211; O Brasil Canta no Rio, desse mesmo ano.<\/p>\n<div>girassol<\/div>\n<div>luandaluar<\/div>\n<p><br \/><br \/>.<\/p>","protected":false},"excerpt":{"rendered":"<p>Boa noite, amigos cultos e ocultos! Este ano n\u00e3o est\u00e1 f\u00e1cil de aguentar, heim?! J\u00e1 nem lembro mais quantos artistas da m\u00fasica partiram para o descanso eterno, ter\u00edamos que listar. Muito triste&#8230; E desta \u00faltima, l\u00e1 se foi o nosso &hellip; <a href=\"https:\/\/www.toque-musicall.com\/?p=7661\">Continue lendo <span class=\"meta-nav\">&rarr;<\/span><\/a><\/p>\n","protected":false},"author":1,"featured_media":0,"comment_status":"closed","ping_status":"closed","sticky":false,"template":"","format":"standard","meta":{"footnotes":""},"categories":[93,70,3792],"tags":[3072,3061,3419],"class_list":["post-7661","post","type-post","status-publish","format-standard","hentry","category-compactos","category-selo-rca-victor","category-sergio-ricardo-2","tag-compactos","tag-selo-rca-victor","tag-sergio-ricardo"],"_links":{"self":[{"href":"https:\/\/www.toque-musicall.com\/index.php?rest_route=\/wp\/v2\/posts\/7661","targetHints":{"allow":["GET"]}}],"collection":[{"href":"https:\/\/www.toque-musicall.com\/index.php?rest_route=\/wp\/v2\/posts"}],"about":[{"href":"https:\/\/www.toque-musicall.com\/index.php?rest_route=\/wp\/v2\/types\/post"}],"author":[{"embeddable":true,"href":"https:\/\/www.toque-musicall.com\/index.php?rest_route=\/wp\/v2\/users\/1"}],"replies":[{"embeddable":true,"href":"https:\/\/www.toque-musicall.com\/index.php?rest_route=%2Fwp%2Fv2%2Fcomments&post=7661"}],"version-history":[{"count":1,"href":"https:\/\/www.toque-musicall.com\/index.php?rest_route=\/wp\/v2\/posts\/7661\/revisions"}],"predecessor-version":[{"id":7662,"href":"https:\/\/www.toque-musicall.com\/index.php?rest_route=\/wp\/v2\/posts\/7661\/revisions\/7662"}],"wp:attachment":[{"href":"https:\/\/www.toque-musicall.com\/index.php?rest_route=%2Fwp%2Fv2%2Fmedia&parent=7661"}],"wp:term":[{"taxonomy":"category","embeddable":true,"href":"https:\/\/www.toque-musicall.com\/index.php?rest_route=%2Fwp%2Fv2%2Fcategories&post=7661"},{"taxonomy":"post_tag","embeddable":true,"href":"https:\/\/www.toque-musicall.com\/index.php?rest_route=%2Fwp%2Fv2%2Ftags&post=7661"}],"curies":[{"name":"wp","href":"https:\/\/api.w.org\/{rel}","templated":true}]}}